{"id":1540,"date":"2024-12-08T09:50:28","date_gmt":"2024-12-08T08:50:28","guid":{"rendered":"https:\/\/bitacoraenlared.es\/chicas\/?p=1540"},"modified":"2024-12-08T09:50:28","modified_gmt":"2024-12-08T08:50:28","slug":"el-millonario-jose-elias-desata-polemica-al-criticar-la-calidad-de-la-sanidad-en-espana","status":"publish","type":"post","link":"https:\/\/bitacoraenlared.es\/chicas\/el-millonario-jose-elias-desata-polemica-al-criticar-la-calidad-de-la-sanidad-en-espana\/","title":{"rendered":"El millonario Jos\u00e9 El\u00edas desata pol\u00e9mica al criticar la calidad de la sanidad en Espa\u00f1a"},"content":{"rendered":"<p>El empresario y multimillonario Jos\u00e9 El\u00edas, conocido por sus inversiones en energ\u00edas renovables y su fortuna millonaria, ha generado controversia tras unas declaraciones en las que calific\u00f3 la sanidad espa\u00f1ola como de baja calidad. En una publicaci\u00f3n en su Instagram, El\u00edas se\u00f1al\u00f3 que el sistema sanitario tiene graves carencias, siendo especialmente cr\u00edtico con los plazos.<\/p>\n<h2>Las declaraciones que encendieron el debate<\/h2>\n<p>El\u00edas critic\u00f3 el tiempo de espera para citas m\u00e9dicas, dejando claro que, para \u00e9l, la sanidad p\u00fablica en Espa\u00f1a no es en absoluto de las mejores. Adem\u00e1s, compar\u00f3 el sistema espa\u00f1ol con otros modelos internacionales, sugiriendo que Espa\u00f1a aunque est\u00e1 avanzada deber\u00eda aspirar a una sanidad m\u00e1s eficiente y moderna.<\/p>\n<p>\u00ab<a href=\"https:\/\/www.businessinsider.es\/estilo-vida\/intraquilidad-funcionarios-crisis-muface-continuidad-tratamientos-falta-historial-medico-engrosar-sistema-ya-colapsado-1420439\">La sanidad espa\u00f1ola,<\/a>\u00a0si la comparas con la de otros pa\u00edses est\u00e1 muy bien. Sin embargo, en seg\u00fan qu\u00e9 situaciones tardan demasiado en atenderte. Te puede salir un c\u00e1ncer y pueden tardar nueve meses en hacerte una biopsia, mientras t\u00fa la est\u00e1s palmando\u00bb, comenta a trav\u00e9s de su cuenta en la red social.<\/p>\n<div class=\"button-tabs\"><a id=\"tab0\" class=\"selected\"><\/a>https:\/\/www.instagram.com\/reel\/DCerxLDMSHi\/?utm_source=ig_web_button_share_sheet<\/div>\n<div class=\"tab0 shown\">\n<p>\u00abEs bastante mejorable. Ser\u00eda tan buen\u00edsima como dicen si te diagnosticaran algo y a la media hora ya se te estuviera tratando. Eso es s\u00f3lo meter m\u00e1s dinero eh, no hay mucho m\u00e1s. Podemos seguir invirtiendo en ciertas cosas en las que invertimos, o tratar de reducir las colas en la sanidad\u00bb, concluye el millonario.<\/p>\n<h2>Reacciones enfrentadas<\/h2>\n<p>Las palabras de Jos\u00e9 El\u00edas no pasaron desapercibidas. En redes sociales, muchos usuarios lo criticaron por sus declaraciones, acus\u00e1ndolo de desconexi\u00f3n con la realidad. Por otro lado, tambi\u00e9n hubo quienes respaldaron su postura, argumentando que el empresario tiene raz\u00f3n en se\u00f1alar las deficiencias del sistema y que sus cr\u00edticas podr\u00edan abrir un debate necesario para impulsar mejoras.<\/p>\n<p>\u00abVerdades como pu\u00f1os amigo\u2026 Si pudi\u00e9ramos sustituir pol\u00edticos por gestores, \u00bfcu\u00e1nto mejorar\u00eda el panorama?\u00bb, \u00abLa sanidad espa\u00f1ola es tan buena como cualquier servicio que dependa de las ganas de trabajar de un funcionario que sabe que no lo pueden despedir\u00bb, son algunos de los comentarios.<\/p>\n<h2>Un debate recurrente<\/h2>\n<p>La sanidad p\u00fablica espa\u00f1ola ha sido hist\u00f3ricamente valorada por su cobertura universal y su accesibilidad, pero tambi\u00e9n enfrenta desaf\u00edos, como la falta de recursos y el envejecimiento de la poblaci\u00f3n. Las declaraciones de El\u00edas reavivan una conversaci\u00f3n sobre las inversiones necesarias para garantizar su sostenibilidad y calidad.<\/p>\n<p>El debate sigue candente, reflejando las tensiones entre las percepciones de los servicios p\u00fablicos y las expectativas ciudadanas.<\/p>\n<\/div>\n<p><a class=\"author-block_text__A5F3o\" href=\"https:\/\/www.businessinsider.es\/redaccion\/daniel-ballester\" rel=\"author\">Daniel Ballester<\/a><\/p>\n","protected":false},"excerpt":{"rendered":"<p>El empresario y multimillonario Jos\u00e9 El\u00edas, conocido por sus inversiones en energ\u00edas renovables y su fortuna millonaria, ha generado controversia tras unas declaraciones en las que calific\u00f3 la sanidad espa\u00f1ola como de baja calidad. En una publicaci\u00f3n en su Instagram, El\u00edas se\u00f1al\u00f3 que el sistema sanitario tiene graves carencias, siendo especialmente cr\u00edtico con los plazos.&#46;&#46;&#46;<\/p>\n","protected":false},"author":1,"featured_media":1202,"comment_status":"open","ping_status":"open","sticky":false,"template":"","format":"standard","meta":{"footnotes":"","_links_to":"","_links_to_target":""},"categories":[4],"tags":[],"class_list":["post-1540","post","type-post","status-publish","format-standard","has-post-thumbnail","hentry","category-curiosidades"],"nelio_content":{"autoShareEndMode":"never","automationSources":{"useCustomSentences":false,"customSentences":[]},"efiAlt":"","efiUrl":"","followers":[1],"highlights":[],"isAutoShareEnabled":true,"networkImageIds":[],"permalinkQueryArgs":[],"series":[],"suggestedReferences":[]},"_links":{"self":[{"href":"https:\/\/bitacoraenlared.es\/chicas\/wp-json\/wp\/v2\/posts\/1540","targetHints":{"allow":["GET"]}}],"collection":[{"href":"https:\/\/bitacoraenlared.es\/chicas\/wp-json\/wp\/v2\/posts"}],"about":[{"href":"https:\/\/bitacoraenlared.es\/chicas\/wp-json\/wp\/v2\/types\/post"}],"author":[{"embeddable":true,"href":"https:\/\/bitacoraenlared.es\/chicas\/wp-json\/wp\/v2\/users\/1"}],"replies":[{"embeddable":true,"href":"https:\/\/bitacoraenlared.es\/chicas\/wp-json\/wp\/v2\/comments?post=1540"}],"version-history":[{"count":1,"href":"https:\/\/bitacoraenlared.es\/chicas\/wp-json\/wp\/v2\/posts\/1540\/revisions"}],"predecessor-version":[{"id":1541,"href":"https:\/\/bitacoraenlared.es\/chicas\/wp-json\/wp\/v2\/posts\/1540\/revisions\/1541"}],"wp:featuredmedia":[{"embeddable":true,"href":"https:\/\/bitacoraenlared.es\/chicas\/wp-json\/wp\/v2\/media\/1202"}],"wp:attachment":[{"href":"https:\/\/bitacoraenlared.es\/chicas\/wp-json\/wp\/v2\/media?parent=1540"}],"wp:term":[{"taxonomy":"category","embeddable":true,"href":"https:\/\/bitacoraenlared.es\/chicas\/wp-json\/wp\/v2\/categories?post=1540"},{"taxonomy":"post_tag","embeddable":true,"href":"https:\/\/bitacoraenlared.es\/chicas\/wp-json\/wp\/v2\/tags?post=1540"}],"curies":[{"name":"wp","href":"https:\/\/api.w.org\/{rel}","templated":true}]}}