{"id":2032,"date":"2025-03-29T18:07:21","date_gmt":"2025-03-29T17:07:21","guid":{"rendered":"https:\/\/bitacoraenlared.es\/chicas\/?p=2032"},"modified":"2025-03-25T18:10:13","modified_gmt":"2025-03-25T17:10:13","slug":"macarena-olona-desvela-todo-este-es-su-sueldo-como-abogada-del-estado-y-su-principal-cliente","status":"publish","type":"post","link":"https:\/\/bitacoraenlared.es\/chicas\/macarena-olona-desvela-todo-este-es-su-sueldo-como-abogada-del-estado-y-su-principal-cliente\/","title":{"rendered":"Macarena Olona desvela todo: este es su sueldo como abogada del Estado y su principal \u00abcliente\u00bb"},"content":{"rendered":"<p><strong>Macarena Olona\u00a0<\/strong>ha sido noticia por el\u00a0<strong>escrache en la Facultad de Derecho de Granada\u00a0<\/strong>cuando iba a participar en un coloquio sobre feminismo y derecho. Finalmente, el acto tuvo lugar, tras la intervenci\u00f3n de la Polic\u00eda Nacional y de unos momentos que se han viralizado en redes. La exdiputada de\u00a0<strong>Vox\u00a0<\/strong>y fundadora de\u00a0<em>Caminando Juntos<\/em>\u00a0no ha dejado la actualidad, a pesar de su\u00a0<a title=\"\u00cd\u00f1igo Errej\u00f3n deja la pol\u00edtica despu\u00e9s de que aflorasen acusaciones de violencia machista\" href=\"https:\/\/www.businessinsider.es\/politica\/inigo-errejon-deja-politica-despues-aflorasen-acusaciones-violencia-machista-1414011\">retirada de la pol\u00edtica<\/a>\u00a0y la vuelta a su profesi\u00f3n como\u00a0<strong>abogada del Estado en la Audiencia Nacional<\/strong>, donde ha confesado su sueldo e incluso el \u00abcliente\u00bb m\u00e1s habitual.<\/p>\n<p>Olona lleg\u00f3 incluso a\u00a0<strong>publicar su n\u00f3mina en X<\/strong>, donde se ve\u00eda que ganaba<strong>\u00a07.850,94 euros al mes\u00a0<\/strong>como abogada del Estado, abonado directamente por el\u00a0<strong>Ministerio de Justicia<\/strong>. Con este gesto busc\u00f3 demostrar su \u00abindependencia econ\u00f3mica\u00bb y responder a aquellos que la acusaban de cambiar su discurso \u00fanicamente para seguir\u00a0<a title=\"Los sueldos de Christine Lagarde y De Guindos en el BCE mientras sufre las mayores p\u00e9rdidas de su historia\" href=\"https:\/\/www.businessinsider.es\/politica\/sueldos-christine-lagarde-guindos-bce-mientras-sufre-mayores-perdidas-historia-1443880\">en el \u00e1mbito pol\u00edtico<\/a>.<\/p>\n<h2>De la pol\u00edtica a los tribunales<\/h2>\n<p><strong>Macarena Olona\u00a0<\/strong>dej\u00f3 la pol\u00edtica activa en verano de 2022 alegando motivos de salud y\u00a0<strong>volvi\u00f3 a su plaza de funcionaria p\u00fablica\u00a0<\/strong>a principios de 2023. Su regreso gener\u00f3 numerosos comentarios sobre sus verdaderas motivaciones, especialmente tras realizar un notable giro en sus posturas sobre temas clave como la violencia machista, la discriminaci\u00f3n hacia los homosexuales y la visibilizaci\u00f3n de las personas trans, unas declaraciones que contrastaban con su etapa dentro de\u00a0<strong>Vox<\/strong>.<\/p>\n<p>Con su gesto, la exdirigente de\u00a0<strong>Vox\u00a0<\/strong>buscaba demostrar independencia econ\u00f3mica. Su salario, que asciende a\u00a0<strong>cerca de 100.000 euros anuales<\/strong>, est\u00e1 considerablemente por encima del sueldo medio de los abogados del Estado, que ronda los 60.000 euros.<\/p>\n<p>Aunque actualmente ejerce plenamente su profesi\u00f3n como abogada del Estado,\u00a0<strong>Macarena Olona\u00a0<\/strong>no ha descartado expl\u00edcitamente un futuro retorno a la pol\u00edtica activa. Su proyecto actual, un lobby que busca \u00abhacer frente a la ideolog\u00eda de g\u00e9nero\u00bb, muestra su intenci\u00f3n de seguir influyendo en la agenda p\u00fablica, aunque desde un espacio diferente al que ocupaba en\u00a0<strong>Vox<\/strong>.<\/p>\n<h2>A qu\u00e9 se dedica exactamente en su puesto<\/h2>\n<p>Olona ocupa de nuevo su puesto, en esta ocasi\u00f3n en los\u00a0<strong>juzgados de lo Contencioso-Administrativo\u00a0<\/strong>de la Audiencia Nacional. En esta nueva etapa, Olona est\u00e1 centrada principalmente en\u00a0<strong>asuntos fiscales<\/strong>, representando los intereses de la\u00a0<strong>Agencia Tributaria\u00a0<\/strong>en procedimientos judiciales, con lo que su \u00abcliente\u00bb principal, por as\u00ed decirlo, es Hacienda. Sin embargo, por razones de reserva profesional, evita ofrecer detalles concretos sobre los procesos en curso. Uno de los asuntos destacados en la\u00a0<strong>Audiencia Nacional\u00a0<\/strong>es el pol\u00e9mico rescate del Gobierno a la cadena de cl\u00ednicas dentales Vivanta, asunto que podr\u00eda estar en manos del juzgado donde ella desarrolla ahora su labor.<\/p>\n<p>La exdiputada de Vox ejerce as\u00ed una posici\u00f3n que ya conoc\u00eda bien, despu\u00e9s de\u00a0<strong>haber sido abogada jefe del Estado en el Pa\u00eds Vasco\u00a0<\/strong>y su paso por la empresa p\u00fablica Mercasa en Sevilla, donde destap\u00f3 el caso de comisiones ilegales relacionado con el\u00a0<strong>esc\u00e1ndalo de los ERE<\/strong>.<\/p>\n<p>Macarena ha combinado su trabajo jur\u00eddico con una notable actividad medi\u00e1tica, que incluy\u00f3 el lanzamiento de\u00a0<strong>su libro\u00a0<\/strong><em><strong>Soy Macarena<\/strong><\/em>, una autobiograf\u00eda en la que ofrece su visi\u00f3n cr\u00edtica sobre su experiencia pol\u00edtica y especialmente sobre la actual c\u00fapula de\u00a0<strong>Vox<\/strong>, formaci\u00f3n a la que acusa de haber tomado una \u00abderiva yunquera\u00bb. Sin embargo, aclar\u00f3 que su posici\u00f3n actual le impide comentar ciertos temas pol\u00edticos controvertidos, como la ley de amnist\u00eda, por una cuesti\u00f3n de \u00e9tica profesional y personal. De hecho, opt\u00f3 por no adherirse al comunicado contra la ley de amnist\u00eda firmado por varios colegas abogados del Estado, para evitar que su pasado pol\u00edtico perjudicara el car\u00e1cter apol\u00edtico del manifiesto.<\/p>\n<p>Olona estudi\u00f3 Derecho en la Universidad P\u00fablica de Alicante, donde se gradu\u00f3 con premio extraordinario en 2003. En 2009 ingres\u00f3 en el Cuerpo de Abogados del Estado y comenz\u00f3 su carrera en Burgos. Entre 2012 \u00a0y 2017 ejerci\u00f3 como abogada jefe del Estado en el Pa\u00eds Vasco, donde present\u00f3 m\u00e1s de un millar de recursos contencioso-administrativos contra ayuntamientos y leyes ganando prestigio en la lucha contra el terrorismo y la corrupci\u00f3n, servicios por los que se le concedi\u00f3 la<strong>\u00a0Orden al M\u00e9rito Civil de la Guardia Civil\u00a0<\/strong>en la Categor\u00eda de Cruz con Distintivo Blanco.<\/p>\n<p><a class=\"author-block_text__A5F3o\" href=\"https:\/\/www.businessinsider.es\/redaccion\/felix-esteban\" rel=\"author\">F\u00e9lix Esteban<\/a><\/p>\n","protected":false},"excerpt":{"rendered":"<p>Macarena Olona\u00a0ha sido noticia por el\u00a0escrache en la Facultad de Derecho de Granada\u00a0cuando iba a participar en un coloquio sobre feminismo y derecho. Finalmente, el acto tuvo lugar, tras la intervenci\u00f3n de la Polic\u00eda Nacional y de unos momentos que se han viralizado en redes. La exdiputada de\u00a0Vox\u00a0y fundadora de\u00a0Caminando Juntos\u00a0no ha dejado la actualidad,&#46;&#46;&#46;<\/p>\n","protected":false},"author":1,"featured_media":2016,"comment_status":"open","ping_status":"open","sticky":false,"template":"","format":"standard","meta":{"footnotes":"","_links_to":"","_links_to_target":""},"categories":[4],"tags":[],"class_list":["post-2032","post","type-post","status-publish","format-standard","has-post-thumbnail","hentry","category-curiosidades"],"nelio_content":{"autoShareEndMode":"never","automationSources":{"useCustomSentences":false,"customSentences":[]},"efiAlt":"","efiUrl":"","followers":[1],"highlights":[],"isAutoShareEnabled":true,"networkImageIds":[],"permalinkQueryArgs":[],"series":[],"suggestedReferences":[]},"_links":{"self":[{"href":"https:\/\/bitacoraenlared.es\/chicas\/wp-json\/wp\/v2\/posts\/2032","targetHints":{"allow":["GET"]}}],"collection":[{"href":"https:\/\/bitacoraenlared.es\/chicas\/wp-json\/wp\/v2\/posts"}],"about":[{"href":"https:\/\/bitacoraenlared.es\/chicas\/wp-json\/wp\/v2\/types\/post"}],"author":[{"embeddable":true,"href":"https:\/\/bitacoraenlared.es\/chicas\/wp-json\/wp\/v2\/users\/1"}],"replies":[{"embeddable":true,"href":"https:\/\/bitacoraenlared.es\/chicas\/wp-json\/wp\/v2\/comments?post=2032"}],"version-history":[{"count":1,"href":"https:\/\/bitacoraenlared.es\/chicas\/wp-json\/wp\/v2\/posts\/2032\/revisions"}],"predecessor-version":[{"id":2033,"href":"https:\/\/bitacoraenlared.es\/chicas\/wp-json\/wp\/v2\/posts\/2032\/revisions\/2033"}],"wp:featuredmedia":[{"embeddable":true,"href":"https:\/\/bitacoraenlared.es\/chicas\/wp-json\/wp\/v2\/media\/2016"}],"wp:attachment":[{"href":"https:\/\/bitacoraenlared.es\/chicas\/wp-json\/wp\/v2\/media?parent=2032"}],"wp:term":[{"taxonomy":"category","embeddable":true,"href":"https:\/\/bitacoraenlared.es\/chicas\/wp-json\/wp\/v2\/categories?post=2032"},{"taxonomy":"post_tag","embeddable":true,"href":"https:\/\/bitacoraenlared.es\/chicas\/wp-json\/wp\/v2\/tags?post=2032"}],"curies":[{"name":"wp","href":"https:\/\/api.w.org\/{rel}","templated":true}]}}