{"id":2103,"date":"2025-04-13T19:11:40","date_gmt":"2025-04-13T17:11:40","guid":{"rendered":"https:\/\/bitacoraenlared.es\/chicas\/?p=2103"},"modified":"2025-04-13T19:11:40","modified_gmt":"2025-04-13T17:11:40","slug":"las-marcas-se-preocupan-en-2025-muchos-espanoles-se-pueden-permitir-comprar-pero-no-quieren","status":"publish","type":"post","link":"https:\/\/bitacoraenlared.es\/chicas\/las-marcas-se-preocupan-en-2025-muchos-espanoles-se-pueden-permitir-comprar-pero-no-quieren\/","title":{"rendered":"Las marcas se preocupan: en 2025 muchos espa\u00f1oles se pueden permitir comprar, pero no quieren"},"content":{"rendered":"<p>El estudio \u00abNext Consumer\u00bb de Simon-Kucher vaticina c\u00f3mo ser\u00e1 el consumo en el primer semestre de 2025. El informe destaca como conclusi\u00f3n principal que<strong>\u00a0los espa\u00f1oles<\/strong>, antes quer\u00edan comprar, pero no se ten\u00edan capacidad adquisitiva suficiente. En cambio, ahora, aunque\u00a0<strong>prev\u00e9n mejorar sus ahorros,\u00a0<a href=\"https:\/\/www.marketingdirecto.com\/creacion\/campanas-de-marketing\/openai-debuta-super-bowl-anuncio-futurista-sobre-futuro-ia\" target=\"_blank\" rel=\"noreferrer noopener\">menos del 20% quiere dedicarlos a consumir m\u00e1s<\/a>.<\/strong><\/p>\n<h2 class=\"wp-block-heading\"><span id=\"la-cautela-y-el-ahorro-destacan-en-las-economias-de-los-hogares-espanoles-con-una-excepcion\" class=\"ez-toc-section\"><\/span>La cautela y el ahorro destacan en las econom\u00edas de los hogares espa\u00f1oles, con una excepci\u00f3n<\/h2>\n<p>Ahora que la\u00a0<strong><a href=\"https:\/\/www.marketingdirecto.com\/marketing-general\/espanoles-notado-reduflacio-reduce-tamano-productos-no-precio\" target=\"_blank\" rel=\"noreferrer noopener\">inflaci\u00f3n se va moderando<\/a><\/strong>, el bolsillo de la ciudadan\u00eda se intenta recuperar poco a poco. 13 millones de personas vieron\u00a0<strong>mejorado su poder adquisitivo\u00a0<\/strong>en 2024, con un crecimiento de sus salarios y pensiones por encima de la inflaci\u00f3n, seg\u00fan datos del Ministerio de Trabajo, Seguridad Social y Funci\u00f3n P\u00fablica y del INE.<\/p>\n<p>Sin embargo, la poblaci\u00f3n no olvida los a\u00f1os duros pasados y la\u00a0<strong>prudencia<\/strong>\u00a0brilla como valor principal. La\u00a0<strong>tasa de\u00a0<a href=\"https:\/\/www.marketingdirecto.com\/creacion\/campanas-de-marketing\/naturgy-equipo-ahorro-energia-dinero\" target=\"_blank\" rel=\"noreferrer noopener\">ahorro<\/a><\/strong>\u00a0ha mejorado y supera el 20% de los ingresos en el hogar, que la cifra m\u00e1s elevada en los \u00faltimos tres a\u00f1os.<\/p>\n<p>Como resaltan las conclusiones de la investigaci\u00f3n de Simon-Kucher, los consumidores espa\u00f1oles han pasado de un frustrante \u00abNo puedo, aunque quiero\u00bb en 2024 a una clara y decidida<strong>\u00a0tendencia al \u00abPuedo, pero no quiero\u00bb para 2025.<\/strong><\/p>\n<p>En palabras de Miguel Af\u00e1n de Ribera, socio de Simon-Kucher y responsable global de los verticales de restauraci\u00f3n y hoteles, as\u00ed pronostica la deriva de los pr\u00f3ximos meses: \u00ab<strong>El a\u00f1o 2025 va a ser dif\u00edcil desde un punto de vista comercial<\/strong>. Muchos negocios van a notar falta de demanda y no va a ser posible reactivarla con una mayor promoci\u00f3n. La\u00a0<a href=\"https:\/\/www.marketingdirecto.com\/diccionario-marketing-publicidad-comunicacion-nuevas-tecnologias\/analisis-de-la-demanda\" target=\"_blank\" rel=\"noreferrer noopener\">demanda no es m\u00e1s el\u00e1stica<\/a>, simplemente es m\u00e1s reducida porque el consumidor elige otra alternativa, o bien de consumo o de ahorro\u00bb. Pero hay un\u00a0<strong>sector de la poblaci\u00f3n que tiene otra mentalidad: los j\u00f3venes.<\/strong><\/p>\n<h2 class=\"wp-block-heading\"><span id=\"algunos-jovenes-si-estan-dispuestos-a-gastar-mas\" class=\"ez-toc-section\"><\/span>Algunos j\u00f3venes s\u00ed est\u00e1n dispuestos a gastar m\u00e1s<\/h2>\n<p>En el estudio \u00abNext Consumer\u00bb despunta una inclinaci\u00f3n generalizada por el ahorro, pero es menos pronunciada entre los encuestados\u00a0<em><strong><a href=\"https:\/\/www.marketingdirecto.com\/creacion\/campanas-de-marketing\/nuevo-nocilla-crunchy-anuncio-campana-influencer-peldanyos\" target=\"_blank\" rel=\"noreferrer noopener\">j\u00f3venes<\/a>\u00a0con mentalidad \u00abYOLO\u00bb<\/strong><\/em>, seg\u00fan los define el informe. YOLO hace alusi\u00f3n al acr\u00f3nimo en ingl\u00e9s de \u00bbyou only live once\u00bb, que se traduce como \u00absolo se vive una vez. 6 de cada 10 tiene planificado ahorrar y no consumir m\u00e1s; los otros, prev\u00e9n aumentar su gasto, propulsados por la filosof\u00eda de disfrutar el presente.<\/p>\n<h2 class=\"wp-block-heading\"><span id=\"%c2%bfpor-que-el-consumo-se-ha-vuelto-mas-prudente-las-tres-claves\" class=\"ez-toc-section\"><\/span>\u00bfPor qu\u00e9 el consumo se ha vuelto m\u00e1s prudente? Las tres claves<\/h2>\n<p>El informe identifica tres motivos principales tras la tendencia de\u00a0<a href=\"https:\/\/www.marketingdirecto.com\/actualidad\/union-europea-nuevas-medidas-fast-fashion-derroche-alimentos\" target=\"_blank\" rel=\"noreferrer noopener\">consumir con moderaci\u00f3n<\/a>\u00a0y cautela este a\u00f1o:<\/p>\n<ol class=\"wp-block-list\">\n<li><strong>Incertidumbre econ\u00f3mica<\/strong>. Tras la pandemia, los recientes conflictos internacionales, la inestabilidad pol\u00edtica y la crisis energ\u00e9tica, los consumidores tienden a ir con pies de plomo. Ahora son conscientes de que el futuro es a veces imprevisible, lo que les impulsa a reservar recursos como medida de precauci\u00f3n ante posibles imprevistos. Puede tratarse tanto de estrategias de aceptaci\u00f3n de la incertidumbre en la vida, como de miedo ante posibles obst\u00e1culos.<\/li>\n<li><strong>Envejecimiento de la poblaci\u00f3n<\/strong>. Una sociedad con una mayor proporci\u00f3n de personas mayores tiende a reducir el gasto en bienes de consumo, ya que muchas de sus necesidades ya est\u00e1n cubiertas. Adem\u00e1s, predomina una mentalidad m\u00e1s conservadora respecto al gasto, favoreciendo el ahorro en lugar de la inversi\u00f3n en nuevas compras.<\/li>\n<li><strong>Ca\u00edda de los tipos de inter\u00e9s.<\/strong>\u00a0Aunque la reducci\u00f3n de los tipos de inter\u00e9s favorece poder pagar grandes compras a medio plazo (adquisici\u00f3n de vivienda, reformas\u2026), tambi\u00e9n genera una tendencia a ahorrar en el corto plazo para estar financieramente preparados. Esto ralentiza el consumo inmediato y refuerza la cautela en la econom\u00eda dom\u00e9stica.<\/li>\n<\/ol>\n<h2 class=\"wp-block-heading\"><span id=\"%c2%bfen-que-si-y-en-que-no-se-gastaran-dinero-los-espanoles\" class=\"ez-toc-section\"><\/span>\u00bfEn qu\u00e9 s\u00ed y en qu\u00e9 no, se gastar\u00e1n dinero los espa\u00f1oles?<\/h2>\n<p>A pesar de la\u00a0<strong>creciente preocupaci\u00f3n por el ahorro<\/strong>, los consumidores prev\u00e9n un aumento en sus gastos debido a la inflaci\u00f3n. Esta realidad los llevar\u00e1 a\u00a0<strong>replantear sus h\u00e1bitos de compra<\/strong>, priorizando un consumo m\u00e1s estrat\u00e9gico y redistribuyendo su presupuesto de manera m\u00e1s calculada.<strong>\u00a0\u00bfEn qu\u00e9 sectores cambiar\u00e1n los patrones de consumo?<\/strong>:<\/p>\n<ul class=\"wp-block-list\">\n<li><strong>Mayor cautela en el gasto diario<\/strong>. Destacar\u00e1 el fen\u00f3meno del\u00a0<em><strong><a href=\"https:\/\/www.marketingdirecto.com\/marketing-general\/consumidores-reaccionan-inflacion\" target=\"_blank\" rel=\"noreferrer noopener\">downtrading<\/a><\/strong><\/em>, que es la b\u00fasqueda del cliente de alternativas para intentar abaratar la cesta de la compra. Por ejemplo, muchas comidas fuera de casa ser\u00e1n sustituidas por\u00a0<strong>opciones m\u00e1s econ\u00f3micas<\/strong>, como llevar comida preparada de casa o comprar en el supermercado platos listos para consumir. As\u00ed, se reservar\u00e1n las visitas a restaurantes para ocasiones especiales.<\/li>\n<li><strong>Ocio y viajes, pero con ajustes<\/strong>. Aunque el entretenimiento y el turismo seguir\u00e1n siendo escogidos por los consumidores, se inclinar\u00e1n hacia opciones m\u00e1s asequibles, reafirmando la idea de que<strong>\u00a0disfrutar no tiene por qu\u00e9 ser un lujo.<\/strong><\/li>\n<li><strong><a href=\"https:\/\/www.marketingdirecto.com\/anunciantes-general\/mediamarkt-espana-crecimiento-2024-resultados-omnicanal-sostenibilida\" target=\"_blank\" rel=\"noreferrer noopener\">Consumo tecnol\u00f3gico y del hogar<\/a>\u00a0m\u00e1s selectivo<\/strong>. En sectores como la tecnolog\u00eda y los art\u00edculos para el hogar, se impondr\u00e1 una mentalidad m\u00e1s prudente. Se priorizar\u00e1n las compras esenciales y aquellas que ofrezcan un valor claro y duradero, consolidando una tendencia hacia un\u00a0<strong>consumo m\u00e1s consciente y racional.<\/strong><\/li>\n<\/ul>\n<p>Por \u00faltimo, Beatriz Brandariz, Senior Manager de Simon-Kucher y responsable del estudio, afirma: \u00abEl consumidor ya descuenta una subida de precios por la inflaci\u00f3n, aunque no exista, y est\u00e1 ajustando su consumo a opciones menos costosas. En 2025 las compa\u00f1\u00edas deber\u00e1n entrar a jugar en el terreno de la\u00a0<a href=\"https:\/\/www.marketingdirecto.com\/diccionario-marketing-publicidad-comunicacion-nuevas-tecnologias\/guerra-de-precios\" target=\"_blank\" rel=\"noreferrer noopener\">percepci\u00f3n de precios<\/a>.\u00a0<strong>Recordemos que la realidad es irrelevante para el consumidor, act\u00faa en base a lo que percibe\u00bb<\/strong>.<\/p>\n<p><a href=\"https:\/\/www.marketingdirecto.com\/autor\/natalia-montero\">Natalia Montero<\/a><\/p>\n","protected":false},"excerpt":{"rendered":"<p>El estudio \u00abNext Consumer\u00bb de Simon-Kucher vaticina c\u00f3mo ser\u00e1 el consumo en el primer semestre de 2025. El informe destaca como conclusi\u00f3n principal que\u00a0los espa\u00f1oles, antes quer\u00edan comprar, pero no se ten\u00edan capacidad adquisitiva suficiente. En cambio, ahora, aunque\u00a0prev\u00e9n mejorar sus ahorros,\u00a0menos del 20% quiere dedicarlos a consumir m\u00e1s. La cautela y el ahorro destacan&#46;&#46;&#46;<\/p>\n","protected":false},"author":1,"featured_media":2091,"comment_status":"open","ping_status":"open","sticky":false,"template":"","format":"standard","meta":{"footnotes":"","_links_to":"","_links_to_target":""},"categories":[4],"tags":[],"class_list":["post-2103","post","type-post","status-publish","format-standard","has-post-thumbnail","hentry","category-curiosidades"],"nelio_content":{"autoShareEndMode":"never","automationSources":{"useCustomSentences":false,"customSentences":[]},"efiAlt":"","efiUrl":"","followers":[1],"highlights":[],"isAutoShareEnabled":true,"networkImageIds":[],"permalinkQueryArgs":[],"series":[],"suggestedReferences":[]},"_links":{"self":[{"href":"https:\/\/bitacoraenlared.es\/chicas\/wp-json\/wp\/v2\/posts\/2103","targetHints":{"allow":["GET"]}}],"collection":[{"href":"https:\/\/bitacoraenlared.es\/chicas\/wp-json\/wp\/v2\/posts"}],"about":[{"href":"https:\/\/bitacoraenlared.es\/chicas\/wp-json\/wp\/v2\/types\/post"}],"author":[{"embeddable":true,"href":"https:\/\/bitacoraenlared.es\/chicas\/wp-json\/wp\/v2\/users\/1"}],"replies":[{"embeddable":true,"href":"https:\/\/bitacoraenlared.es\/chicas\/wp-json\/wp\/v2\/comments?post=2103"}],"version-history":[{"count":1,"href":"https:\/\/bitacoraenlared.es\/chicas\/wp-json\/wp\/v2\/posts\/2103\/revisions"}],"predecessor-version":[{"id":2104,"href":"https:\/\/bitacoraenlared.es\/chicas\/wp-json\/wp\/v2\/posts\/2103\/revisions\/2104"}],"wp:featuredmedia":[{"embeddable":true,"href":"https:\/\/bitacoraenlared.es\/chicas\/wp-json\/wp\/v2\/media\/2091"}],"wp:attachment":[{"href":"https:\/\/bitacoraenlared.es\/chicas\/wp-json\/wp\/v2\/media?parent=2103"}],"wp:term":[{"taxonomy":"category","embeddable":true,"href":"https:\/\/bitacoraenlared.es\/chicas\/wp-json\/wp\/v2\/categories?post=2103"},{"taxonomy":"post_tag","embeddable":true,"href":"https:\/\/bitacoraenlared.es\/chicas\/wp-json\/wp\/v2\/tags?post=2103"}],"curies":[{"name":"wp","href":"https:\/\/api.w.org\/{rel}","templated":true}]}}