{"id":2464,"date":"2025-06-16T17:25:54","date_gmt":"2025-06-16T15:25:54","guid":{"rendered":"https:\/\/bitacoraenlared.es\/chicas\/?p=2464"},"modified":"2025-06-13T17:29:29","modified_gmt":"2025-06-13T15:29:29","slug":"melody-en-el-el-hormiguero-asi-olvida-eurovision-con-su-exito-en-los-negocios","status":"publish","type":"post","link":"https:\/\/bitacoraenlared.es\/chicas\/melody-en-el-el-hormiguero-asi-olvida-eurovision-con-su-exito-en-los-negocios\/","title":{"rendered":"Melody en el &#8216;El Hormiguero&#8217;: as\u00ed olvida Eurovisi\u00f3n con su \u00e9xito en los negocios"},"content":{"rendered":"<p><strong>Melody\u00a0<\/strong>ha sido protagonista en los \u00faltimos d\u00edas tras su paso por el\u00a0<a href=\"https:\/\/www.businessinsider.es\/estilo-vida\/cuanto-dinero-pagado-espana-melody-eurovision-2025-1463355\"><strong>Festival de Eurovisi\u00f3n<\/strong><\/a><strong>\u00a0<\/strong>y el decepcionante para el p\u00fablico y para ella puesto 24 y antepen\u00faltimo, lo que la llev\u00f3 a \u00abdesaparecer\u00bb del mapa y\u00a0<strong>no acudir a su cita pactada con el programa de\u00a0<\/strong><em><strong>La 1, La Revuelta<\/strong><\/em>. Surgi\u00f3 enseguida el cruce de declaraciones entre la artista andaluza\u00a0<a title=\"RTVE confirma el dinero que se llevaron David Broncano y LalaChus por dar las Campanadas\" href=\"https:\/\/www.businessinsider.es\/estilo-vida\/rtve-confirma-dinero-llevaron-david-broncano-lalachus-dar-campanadas-1446126\">y\u00a0<strong>David Broncano<\/strong><\/a>, neg\u00e1ndose a disculparse por las cr\u00edticas por no acudir al teatro, y hoy el morbo est\u00e1 servido porque s\u00ed va a la competencia directa, s\u00ed hablar\u00e1 en\u00a0<em><strong>El Hormiguero\u00a0<\/strong><\/em>con\u00a0<strong>Pablo Motos<\/strong>. Seguramente la conversaci\u00f3n se centrar\u00e1 en esta pol\u00e9mica, en su faceta musical y en los numerosos conciertos que le han salido este verano, pero tambi\u00e9n hay que hablar de su \u00e9xito con los negocios.<\/p>\n<p>Y es que a\u00a0<strong>Melody,\u00a0<\/strong>que gan\u00f3 la \u00faltima edici\u00f3n del\u00a0<a href=\"https:\/\/www.businessinsider.es\/estilo-vida\/benidorm-fest-2026-busca-relevo-melody-eurovision-ofrece-150000-euros-premio-1465275\"><strong>Benidorm Fest<\/strong><\/a><strong>,\u00a0<\/strong>le habr\u00e1 ido mal en\u00a0<strong>Eurovisi\u00f3n<\/strong>, pero no le va nada mal no solo como cantante, sino como empresaria y mujer de negocios. Una mujer que ha trabajado desde ni\u00f1a y que ahora de adulta, tras a\u00f1os de carrera, ha formado un gran patrimonio.<\/p>\n<h2>Melody se \u00abrefugia\u00bb en sus conciertos y en sus negocios<\/h2>\n<p>Mientras Espa\u00f1a digiere a\u00fan el varapalo eurovisivo de\u00a0<em>Esa diva<\/em>, la artista sevillana pisa firme en un terreno mucho menos vol\u00e1til:\u00a0<a title=\"As\u00ed invierte su fortuna P\u00e9rez Reverte: de la literatura a las inversiones inmobiliarias\" href=\"https:\/\/www.businessinsider.es\/estilo-vida\/invierte-fortuna-perez-reverte-literatura-inversiones-inmobiliarias-1416240\"><strong>el inmobiliario<\/strong><\/a><strong>. Su empresa, Inversiones Gutier SL<\/strong>, lleva m\u00e1s de una d\u00e9cada activa y operativa, seg\u00fan revel\u00f3 la revista\u00a0<em>Lecturas<\/em>. Fundada en 2014, esta sociedad es el secreto mejor guardado de la cantante, y un ejemplo de c\u00f3mo gestionar inteligentemente el \u00e9xito art\u00edstico.<\/p>\n<p>En su rueda de prensa reciente, la artista fue clara: su paso por Eurovisi\u00f3n la ha transformado, pero su madurez y visi\u00f3n empresarial llevan a\u00f1os en marcha. La sociedad limitada, que figura en el Registro Mercantil con ella como \u00fanica socia y administradora,\u00a0<strong>no solo gestiona su carrera art\u00edstica,\u00a0<\/strong>sino que ha\u00a0<strong>diversificado sus inversiones\u00a0<\/strong>hacia\u00a0<strong>alquileres r\u00fasticos y urbanos, actividades agr\u00edcolas y eventos<\/strong>.<\/p>\n<p>Pero, a pesar del varapalo psicol\u00f3gico que ha supuesto su experiencia en\u00a0<strong>Eurovisi\u00f3n<\/strong>, no hay mal que por bien no venga y gozar\u00e1 de un verano y lo que queda de a\u00f1o\u00a0<strong>repleto de conciertos ya cerrados<\/strong>. Recientemente, actuaba en Antequera (M\u00e1laga), dentro de un periplo que le llevar\u00e1 a cantar en 30 localidades m\u00e1s: Ciudad Real, Sevilla, Madrid, Zaragoza o varias localidades de C\u00e1diz, son algunos de sus destinos, a los que hay que sumar su actuaci\u00f3n del 19 de junio en el\u00a0<strong>Europride<\/strong>, en Lisboa. Cerrar\u00e1 su gira el 6 de diciembre en Barcelona.<\/p>\n<p>Todo este aluvi\u00f3n de actuaciones supondr\u00e1 unos grandes ingresos para la cantante, ya que su cach\u00e9 tras ganar\u00a0<a title=\"El Benidorm Fest 2026 busca el relevo de Melody en Eurovisi\u00f3n y ofrece 150.000 euros de premio\" href=\"https:\/\/www.businessinsider.es\/estilo-vida\/benidorm-fest-2026-busca-relevo-melody-eurovision-ofrece-150000-euros-premio-1465275\">el<strong>\u00a0Benidorm Fest<\/strong><\/a><strong>\u00a0<\/strong>y participar en\u00a0<strong>Eurovisi\u00f3n<\/strong>, ha subido bastante. Se estima que puede llegar a cobrar\u00a0<strong>hasta 150.000 euros por actuaci\u00f3n\u00a0<\/strong>o campa\u00f1a, seg\u00fan ha desvelado el programa de\u00a0<em>Antena 3, Espejo P\u00fablico<\/em>, que estima adem\u00e1s ese crecimiento en un 750% nada menos, ya que ante de toda esta vor\u00e1gine cobraba algo m\u00e1s de 13.000 euros.<\/p>\n<p>El programa de\u00a0<em>Telecinco<\/em>,\u00a0<em>TardeAR<\/em>, por su parte, tambi\u00e9n ha revelado lo que se llevar\u00e1 en un concierto concreto, el de su pueblo Dos Hermanas el 26 de junio, donde\u00a0<strong>cobrar\u00e1 120.000 euros<\/strong>, tras tener acceso al contrato.<\/p>\n<p>Sin embargo, parece que no en todos los lugares donde act\u00faa se llevar\u00e1 tales cantidades, ya que por su concierto de Alicante cobrar\u00eda 25.000 euros.<\/p>\n<h2>Una carrera precoz, una empresaria precoz<\/h2>\n<p>Pocos olvidan el fen\u00f3meno que supuso\u00a0<strong>Melody\u00a0<\/strong>con apenas 10 a\u00f1os. La canci\u00f3n\u00a0<em>El baile del gorila<\/em>\u00a0y el disco\u00a0<em>De pata negra<\/em>, la catapult\u00f3 a la fama, pero tambi\u00e9n la oblig\u00f3 a crecer r\u00e1pido. Lejos de perderse entre luces y focos, convirti\u00f3 sus ingresos en un plan B s\u00f3lido: crear una estructura econ\u00f3mica paralela que le ofreciera estabilidad en una industria musical tan cambiante como fr\u00e1gil.<\/p>\n<p>Inversiones Gutier SL naci\u00f3 el 5 de mayo de 2014, seg\u00fan los datos del BORME (Bolet\u00edn Oficial del Registro Mercantil), y tiene como objeto social la\u00a0<strong>compraventa, arrendamiento y explotaci\u00f3n de bienes inmuebles<\/strong>, as\u00ed como la producci\u00f3n y colaboraci\u00f3n en todo tipo de espect\u00e1culos. Es decir,\u00a0<strong>combina lo art\u00edstico con lo patrimonial<\/strong>, en un modelo muy similar al de artistas internacionales que consolidan su imagen como marca.<\/p>\n<h2>Ingresos pasivos, fincas y espect\u00e1culos<\/h2>\n<p>A pesar de no estar obligada a publicar cuentas anuales \u2014lo que impide conocer los beneficios concretos\u2014, la sociedad sigue activa 11 a\u00f1os despu\u00e9s de su fundaci\u00f3n. Y eso, en el mundo empresarial, ya dice mucho.<\/p>\n<p>Las actividades que hemos visto permiten\u00a0<strong>generar rentas pasivas gracias al alquiler de terrenos, viviendas o espacios\u00a0<\/strong>para eventos, lo que garantiza una fuente de ingresos estable, ajena a la volatilidad de los contratos musicales o campa\u00f1as publicitarias.<\/p>\n<p><a class=\"author-block_text__A5F3o\" href=\"https:\/\/www.businessinsider.es\/redaccion\/felix-esteban\" rel=\"author\">F\u00e9lix Esteban<\/a><\/p>\n","protected":false},"excerpt":{"rendered":"<p>Melody\u00a0ha sido protagonista en los \u00faltimos d\u00edas tras su paso por el\u00a0Festival de Eurovisi\u00f3n\u00a0y el decepcionante para el p\u00fablico y para ella puesto 24 y antepen\u00faltimo, lo que la llev\u00f3 a \u00abdesaparecer\u00bb del mapa y\u00a0no acudir a su cita pactada con el programa de\u00a0La 1, La Revuelta. Surgi\u00f3 enseguida el cruce de declaraciones entre la&#46;&#46;&#46;<\/p>\n","protected":false},"author":1,"featured_media":2448,"comment_status":"open","ping_status":"open","sticky":false,"template":"","format":"standard","meta":{"footnotes":"","_links_to":"","_links_to_target":""},"categories":[6],"tags":[],"class_list":["post-2464","post","type-post","status-publish","format-standard","has-post-thumbnail","hentry","category-musica"],"nelio_content":{"autoShareEndMode":"never","automationSources":{"useCustomSentences":false,"customSentences":[]},"efiAlt":"","efiUrl":"","followers":[1],"highlights":[],"isAutoShareEnabled":true,"networkImageIds":[],"permalinkQueryArgs":[],"series":[],"suggestedReferences":[]},"_links":{"self":[{"href":"https:\/\/bitacoraenlared.es\/chicas\/wp-json\/wp\/v2\/posts\/2464","targetHints":{"allow":["GET"]}}],"collection":[{"href":"https:\/\/bitacoraenlared.es\/chicas\/wp-json\/wp\/v2\/posts"}],"about":[{"href":"https:\/\/bitacoraenlared.es\/chicas\/wp-json\/wp\/v2\/types\/post"}],"author":[{"embeddable":true,"href":"https:\/\/bitacoraenlared.es\/chicas\/wp-json\/wp\/v2\/users\/1"}],"replies":[{"embeddable":true,"href":"https:\/\/bitacoraenlared.es\/chicas\/wp-json\/wp\/v2\/comments?post=2464"}],"version-history":[{"count":1,"href":"https:\/\/bitacoraenlared.es\/chicas\/wp-json\/wp\/v2\/posts\/2464\/revisions"}],"predecessor-version":[{"id":2466,"href":"https:\/\/bitacoraenlared.es\/chicas\/wp-json\/wp\/v2\/posts\/2464\/revisions\/2466"}],"wp:featuredmedia":[{"embeddable":true,"href":"https:\/\/bitacoraenlared.es\/chicas\/wp-json\/wp\/v2\/media\/2448"}],"wp:attachment":[{"href":"https:\/\/bitacoraenlared.es\/chicas\/wp-json\/wp\/v2\/media?parent=2464"}],"wp:term":[{"taxonomy":"category","embeddable":true,"href":"https:\/\/bitacoraenlared.es\/chicas\/wp-json\/wp\/v2\/categories?post=2464"},{"taxonomy":"post_tag","embeddable":true,"href":"https:\/\/bitacoraenlared.es\/chicas\/wp-json\/wp\/v2\/tags?post=2464"}],"curies":[{"name":"wp","href":"https:\/\/api.w.org\/{rel}","templated":true}]}}