{"id":2649,"date":"2025-07-13T19:16:54","date_gmt":"2025-07-13T17:16:54","guid":{"rendered":"https:\/\/bitacoraenlared.es\/chicas\/?p=2649"},"modified":"2025-07-14T19:23:47","modified_gmt":"2025-07-14T17:23:47","slug":"los-sin-nombre-la-serie-de-terror-de-la-que-todo-el-mundo-habla-y-que-deberias-ver-este-fin-de-semana","status":"publish","type":"post","link":"https:\/\/bitacoraenlared.es\/chicas\/los-sin-nombre-la-serie-de-terror-de-la-que-todo-el-mundo-habla-y-que-deberias-ver-este-fin-de-semana\/","title":{"rendered":"\u2018Los sin nombre\u2019, la serie de terror de la que todo el mundo habla y que deber\u00edas ver este fin de semana"},"content":{"rendered":"<p data-mrf-recirculation=\"Links art\u00edculo\"><em><a href=\"https:\/\/www.imdb.com\/es\/title\/tt33797175\/\" data-mrf-link=\"https:\/\/www.imdb.com\/es\/title\/tt33797175\/\">Los sin nombre<\/a><\/em>, la nueva adaptaci\u00f3n\u00a0<a href=\"https:\/\/www.simonandschuster.com\/books\/The-Nameless\/Ramsey-Campbell\/9781787587663\" data-mrf-link=\"https:\/\/www.simonandschuster.com\/books\/The-Nameless\/Ramsey-Campbell\/9781787587663\">de la novela de Ramsey Campbell<\/a>\u00a0disponible en Movistar+ rescata el suspenso y el drama de la historia original. Pero adem\u00e1s, brinda un nuevo formato\u200a\u2014\u200ay por ende, mayor profundidad y complejidad\u200a\u2014\u200aa la oscura premisa. Una que ya hab\u00eda sido\u00a0<a href=\"https:\/\/www.imdb.com\/es-es\/title\/tt0222368\/\" data-mrf-link=\"https:\/\/www.imdb.com\/es-es\/title\/tt0222368\/\">llevada al cine<\/a>\u00a0por\u00a0<a href=\"https:\/\/hipertextual.com\/2022\/12\/venus-critica-jaume-balaguero\" data-mrf-link=\"https:\/\/hipertextual.com\/2022\/12\/venus-critica-jaume-balaguero\">Jaume Balaguer\u00f3\u00a0<\/a>de 1999. El resultado es un relato que, a lo largo de seis episodios, explora en el terror de una secta apocal\u00edptica desde varios puntos de vista. Tambi\u00e9n,<strong>\u00a0da una revisi\u00f3n fresca al conocido tropo del ni\u00f1o terror\u00edfico capaz de lo peor.\u00a0<\/strong><\/p>\n<p data-mrf-recirculation=\"Links art\u00edculo\">Dirigida por\u00a0<a href=\"https:\/\/www.imdb.com\/es\/name\/nm1420178\/\" data-mrf-link=\"https:\/\/www.imdb.com\/es\/name\/nm1420178\/\">Pau Freixas<\/a>\u00a0y adaptada por\u00a0<a href=\"https:\/\/www.imdb.com\/name\/nm5405987\/\" data-mrf-link=\"https:\/\/www.imdb.com\/name\/nm5405987\/\">Pol Cortecans<\/a>, la serie parte del mismo punto de arranque que la recordada pel\u00edcula espa\u00f1ola. Claudia (Miren Ibarguren) atraviesa una situaci\u00f3n l\u00edmite. A\u00f1os despu\u00e9s de que su hija Angela (Valentina Gaya-Alicia Bravo) desapareciera y se le diera por muerta, esta \u00faltima regresa de manera misteriosa. Todo, a trav\u00e9s de una llamada inquietante que revuelve\u00a0<strong>todo lo que Claudia cre\u00eda concluido a\u00f1os atr\u00e1s.\u00a0<\/strong><\/p>\n<p data-mrf-recirculation=\"Links art\u00edculo\">A partir de ah\u00ed,\u00a0<em>Los sin nombre<\/em>\u00a0se transforma en una pesquisa personal con tintes de thriller sobrenatural. Algo que conduce directamente al rastro de una secta apocal\u00edptica. Indicios que la propia Claudia y el ex inspector (Rodrigo de la Serna) intentan seguir hacia paradero de la joven, ahora parte del culto. Pero, la nueva versi\u00f3n de la historia ya no gira en torno a rituales demon\u00edacos como en su versi\u00f3n cinematogr\u00e1fica.\u00a0<strong>En lugar de eso, se decanta por una lectura m\u00e1s cient\u00edfica.\u00a0<\/strong><\/p>\n<p data-mrf-recirculation=\"Links art\u00edculo\">Eso, a trav\u00e9s de un l\u00edder carism\u00e1tico obsesionado con modificar el futuro de la humanidad usando a menores con capacidades particulares. Un cambio que se refleja en menos elementos de esoterismo y en el enfoque de la serie en un discurso racional y cient\u00edfico.\u00a0<strong>Por lo que antes era puro mal, aqu\u00ed se convierte en una retorcida versi\u00f3n del progreso.<\/strong><\/p>\n<h2 id=\"h-un-relato-sobre-el-mal-contemporaneo-para-los-sin-nbsp-nombre\" class=\"wp-block-heading\">Un relato sobre el mal contempor\u00e1neo para \u2018Los sin nombre\u2019<\/h2>\n<p data-mrf-recirculation=\"Links art\u00edculo\">Uno de los cambios m\u00e1s llamativos de la adaptaci\u00f3n de Movistar+, es la manera en que se aborda el personaje de \u00c1ngela. En lugar de reservar su aparici\u00f3n como una sorpresa final, la serie decide integrarla en la recta final de forma activa. Adem\u00e1s, d\u00e1ndole un papel m\u00e1s protag\u00f3nico y menos simb\u00f3lico. El giro es fuerte:<strong>\u00a0ahora no es una figura diab\u00f3lica, sino una adolescente que posee la habilidad de devolver la vida.\u00a0<\/strong><\/p>\n<p data-mrf-recirculation=\"Links art\u00edculo\">Esta nueva perspectiva cambia completamente el centro del relato. Y aunque se conservan algunos elementos que remiten al imaginario religioso\u200a\u2014\u200aen especial hacia el desenlace\u200a\u2014\u200a, la perspectiva desde la cual se construye el car\u00e1cter del personaje es menos ambigua y m\u00e1s literal. \u00c1ngela ya no es el anzuelo para atrapar a su madre, sino una figura con poderes concretos. Tambi\u00e9n es significativa la forma en que se reescriben los v\u00ednculos familiares. En esta versi\u00f3n, Claudia no solo arrastra la p\u00e9rdida de su hija.<strong>\u00a0A la vez, est\u00e1 embarazada de un nuevo hijo, lo que suma un nivel extra de drama a la historia.<\/strong><\/p>\n<h2 id=\"h-nuevos-personajes-y-puntos-de-vista-para-los-sin-nombre\" class=\"wp-block-heading\">Nuevos personajes y puntos de vista para &#8216;Los sin nombre&#8217;<\/h2>\n<p data-mrf-recirculation=\"Links art\u00edculo\">La figura del detective tambi\u00e9n experimenta una transformaci\u00f3n relevante. En lugar del inspector sobrio y curtido que fie personaje central de la pel\u00edcula del 99, la serie muestra a un hombre completamente desbordado por su pasado. Rodrigo de la Serna interpreta a un ex polic\u00eda con un historial personal tr\u00e1gico,\u00a0<strong>marcado por una infancia robada durante la dictadura argentina.<\/strong><\/p>\n<p data-mrf-recirculation=\"Links art\u00edculo\">Esta biograf\u00eda forzada, incorporada a trav\u00e9s de un flashback bastante innecesario, parece un intento de dotar al personaje de una densidad emocional que no siempre se justifica en pantalla. El personaje ya carga con su propio fracaso como investigador, con su deriva hacia la marginalidad, y con una clara falta de rumbo.\u00a0<strong>De modo que a\u00f1adirle m\u00e1s capas no suma, sino que satura.<\/strong><\/p>\n<p data-mrf-recirculation=\"Links art\u00edculo\">Otro personaje reinventado especialmente para la serie de Movistar+, intenta brindar contexto a los poderes de Angela. Laura Rey (<a href=\"https:\/\/hipertextual.com\/2024\/10\/el-hoyo-2-critica-mas-violencia-en-la-pesadilla-de-netflix\" data-mrf-link=\"https:\/\/hipertextual.com\/2024\/10\/el-hoyo-2-critica-mas-violencia-en-la-pesadilla-de-netflix\">Milena Smit<\/a>), tras ser revivida por \u00c1ngela, se convierte en autora de \u00e9xito, escribiendo sobre su experiencia como parte de una secta. Esta l\u00ednea argumental, que introduce una dimensi\u00f3n medi\u00e1tica y editorial, sirve para conectar la historia con temas como la explotaci\u00f3n del dolor, el mercado del trauma y el culto al testimonio.\u00a0<strong>Pero aunque la idea es interesante, su desarrollo no termina de cuajar del todo.\u00a0<\/strong><\/p>\n<h2 id=\"h-mas-historias-que-contar-en-un-formato-nuevo\" class=\"wp-block-heading\">M\u00e1s historias que contar en un formato nuevo<\/h2>\n<p data-mrf-recirculation=\"Links art\u00edculo\">Por supuesto, el formato serializado, obliga a que el relato se expanda, y con ello, tambi\u00e9n se multipliquen las subtramas, muchas veces innecesarias. El resultado es un relato que parece sentirse m\u00e1s c\u00f3modo complic\u00e1ndose a s\u00ed mismo que construyendo tensi\u00f3n de manera org\u00e1nica. El cierre, lejos de brindar respuestas claras,\u00a0<strong>opta por dejar varios cabos sueltos que apuntan a una posible continuaci\u00f3n.\u00a0<\/strong><\/p>\n<p data-mrf-recirculation=\"Links art\u00edculo\">Si hay algo que merece destacarse en esta relectura de\u00a0<em>Los sin nombre<\/em>, es el trabajo visual. La fotograf\u00eda, a cargo de Juli\u00e1n Elizalde, logra mantener una atm\u00f3sfera oscura sin recurrir a f\u00f3rmulas recargadas. A diferencia del largometraje de finales de los noventa, que apostaba por una est\u00e9tica g\u00f3tica muy marcada, la serie opta por una imagen m\u00e1s cruda, m\u00e1s naturalista.\u00a0<strong>Hay una intenci\u00f3n clara de hacer que el horror conviva con lo cotidiano.<\/strong><\/p>\n<p data-mrf-recirculation=\"Links art\u00edculo\">Esa mirada exterior, que nunca se explica del todo, es quiz\u00e1s lo m\u00e1s efectivo de la propuesta. Es ah\u00ed donde el miedo funciona: cuando no se subraya, cuando no se grita. En esos momentos, la serie se aleja del ruido y encuentra un pulso m\u00e1s certero. Tambi\u00e9n se nota la mano de Freixas en la direcci\u00f3n,\u00a0<strong>especialmente en las decisiones de ritmo y en c\u00f3mo administra el espacio.\u00a0<\/strong><\/p>\n<p data-mrf-recirculation=\"Links art\u00edculo\">Si bien la historia se dispersa en muchos frentes, al menos el plano visual mantiene cierta coherencia. En un conjunto tan saturado de ideas, ese orden formal es lo que impide que todo se derrumbe.\u00a0<strong>No es perfecta, pero en sus mejores momentos, logra inquietar sin decir demasiado.<\/strong><\/p>\n<p><a class=\"url fn n\" href=\"https:\/\/hipertextual.com\/autor\/aglaiaberlutti\">Aglaia Berlutti<\/a><\/p>\n","protected":false},"excerpt":{"rendered":"<p>Los sin nombre, la nueva adaptaci\u00f3n\u00a0de la novela de Ramsey Campbell\u00a0disponible en Movistar+ rescata el suspenso y el drama de la historia original. Pero adem\u00e1s, brinda un nuevo formato\u200a\u2014\u200ay por ende, mayor profundidad y complejidad\u200a\u2014\u200aa la oscura premisa. Una que ya hab\u00eda sido\u00a0llevada al cine\u00a0por\u00a0Jaume Balaguer\u00f3\u00a0de 1999. El resultado es un relato que, a lo&#46;&#46;&#46;<\/p>\n","protected":false},"author":1,"featured_media":2630,"comment_status":"open","ping_status":"open","sticky":false,"template":"","format":"standard","meta":{"footnotes":"","_links_to":"","_links_to_target":""},"categories":[7],"tags":[],"class_list":["post-2649","post","type-post","status-publish","format-standard","has-post-thumbnail","hentry","category-peliculas"],"nelio_content":{"autoShareEndMode":"never","automationSources":{"useCustomSentences":false,"customSentences":[]},"efiAlt":"","efiUrl":"","followers":[1],"highlights":[],"isAutoShareEnabled":true,"networkImageIds":[],"permalinkQueryArgs":[],"series":[],"suggestedReferences":[]},"_links":{"self":[{"href":"https:\/\/bitacoraenlared.es\/chicas\/wp-json\/wp\/v2\/posts\/2649","targetHints":{"allow":["GET"]}}],"collection":[{"href":"https:\/\/bitacoraenlared.es\/chicas\/wp-json\/wp\/v2\/posts"}],"about":[{"href":"https:\/\/bitacoraenlared.es\/chicas\/wp-json\/wp\/v2\/types\/post"}],"author":[{"embeddable":true,"href":"https:\/\/bitacoraenlared.es\/chicas\/wp-json\/wp\/v2\/users\/1"}],"replies":[{"embeddable":true,"href":"https:\/\/bitacoraenlared.es\/chicas\/wp-json\/wp\/v2\/comments?post=2649"}],"version-history":[{"count":1,"href":"https:\/\/bitacoraenlared.es\/chicas\/wp-json\/wp\/v2\/posts\/2649\/revisions"}],"predecessor-version":[{"id":2650,"href":"https:\/\/bitacoraenlared.es\/chicas\/wp-json\/wp\/v2\/posts\/2649\/revisions\/2650"}],"wp:featuredmedia":[{"embeddable":true,"href":"https:\/\/bitacoraenlared.es\/chicas\/wp-json\/wp\/v2\/media\/2630"}],"wp:attachment":[{"href":"https:\/\/bitacoraenlared.es\/chicas\/wp-json\/wp\/v2\/media?parent=2649"}],"wp:term":[{"taxonomy":"category","embeddable":true,"href":"https:\/\/bitacoraenlared.es\/chicas\/wp-json\/wp\/v2\/categories?post=2649"},{"taxonomy":"post_tag","embeddable":true,"href":"https:\/\/bitacoraenlared.es\/chicas\/wp-json\/wp\/v2\/tags?post=2649"}],"curies":[{"name":"wp","href":"https:\/\/api.w.org\/{rel}","templated":true}]}}