{"id":2786,"date":"2025-08-09T19:36:15","date_gmt":"2025-08-09T17:36:15","guid":{"rendered":"https:\/\/bitacoraenlared.es\/chicas\/?p=2786"},"modified":"2025-08-07T19:40:12","modified_gmt":"2025-08-07T17:40:12","slug":"ryanair-cambia-las-normas-de-equipaje-y-permite-maletas-mas-grandes-en-sus-vuelos","status":"publish","type":"post","link":"https:\/\/bitacoraenlared.es\/chicas\/ryanair-cambia-las-normas-de-equipaje-y-permite-maletas-mas-grandes-en-sus-vuelos\/","title":{"rendered":"Ryanair cambia las normas de equipaje y permite maletas m\u00e1s grandes en sus vuelos"},"content":{"rendered":"<p>La legislaci\u00f3n manda y hay que adaptarse, para beneficio en este caso del usuario. La aerol\u00ednea irlandesa\u00a0<a href=\"https:\/\/www.businessinsider.es\/economia\/caos-arancelario-pone-riesgo-entregas-aviones-ceo-ryanair-1455271\"><strong>Ryanair<\/strong><\/a><strong>\u00a0<\/strong>se ha adelantado y ha confirmado un\u00a0<strong>aumento del 20% en su franquicia gratuita de equipaje de mano<\/strong>, coincidiendo con la inminente\u00a0<strong>regulaci\u00f3n europea\u00a0<\/strong>que busca establecer una norma com\u00fan para el transporte de bolsas y maletas peque\u00f1as en cabina sin coste adicional. Esta medida afecta de lleno a millones de pasajeros que viajan dentro de la<strong>\u00a0Uni\u00f3n Europea\u00a0<\/strong>y promete acabar con las diferencias entre aerol\u00edneas a la hora de embarcar equipaje. Se acabaron\u00a0<a title=\"Ryanair multar\u00e1 con 500 euros a estos pasajeros\" href=\"https:\/\/www.businessinsider.es\/movilidad\/ryanair-multara-500-euros-estos-pasajeros-1466906\">los l\u00edos con el equipaje, qu\u00e9 llevar, c\u00f3mo, medidas&#8230;<\/a>\u00a0en virtud de la compa\u00f1\u00eda donde vuelas. En solo unas semanas, Ryanair, que ha anunciado una\u00a0<a href=\"https:\/\/www.businessinsider.es\/consumo\/huelga-ryanair-madrid-durante-mes-agosto-2025-fechas-servicios-afectados-1476340\">huelga en agosto en su plantilla<\/a>, aumentar\u00e1 en 5 cent\u00edmetros el tama\u00f1o permitido para el equipaje de mano.<\/p>\n<p>El<strong>\u00a0<\/strong>nuevo est\u00e1ndar propuesto por el<strong>\u00a0Parlamento Europeo\u00a0<\/strong>fija un tama\u00f1o\u00a0<strong>m\u00e1ximo de 100 cent\u00edmetros (suma de largo, alto y ancho) y un peso de 7 kilogramos\u00a0<\/strong>para el equipaje de mano gratuito, adem\u00e1s de una\u00a0<strong>bolsa personal de hasta 40 x 30 x 15 cent\u00edmetros<\/strong>. Aunque la norma a\u00fan necesita el respaldo del 55% de los Estados miembros de la UE para entrar en vigor, las compa\u00f1\u00edas como\u00a0<strong>Ryanair\u00a0<\/strong>ya se adelantan al cambio, modificando sus medidores en los aeropuertos.<\/p>\n<h2>Ryanair ampl\u00eda medidas antes que la ley entre en vigor<\/h2>\n<p>Hasta ahora,\u00a0<strong>Ryanair\u00a0<\/strong>permit\u00eda subir a bordo sin coste una \u00fanica bolsa personal de 40 x 25 x 20 cent\u00edmetros, con un volumen total de 20 litros. En las \u00abpr\u00f3ximas semanas\u00bb, esa medida pasar\u00e1 a 40 x 30 x 20 cent\u00edmetros, lo que\u00a0<strong>eleva el tama\u00f1o en 5 cent\u00edmetros y la capacidad hasta los 24 litros<\/strong>. Se trata de una adaptaci\u00f3n que no solo cumple con el nuevo reglamento en ciernes, sino que incluso\u00a0<strong>lo supera ligeramente en anchura\u00a0<\/strong>para facilitar que las maletas ya compradas por los clientes sigan siendo v\u00e1lidas.<\/p>\n<p>Un portavoz de Ryanair ha asegurado que este cambio responde tanto a las nuevas exigencias como a la voluntad de simplificar la experiencia del pasajero: \u00abEste cambio se aplicar\u00e1 en las pr\u00f3ximas semanas, a medida que se ajusten nuestros medidores de bolsas en los aeropuertos\u00bb.<\/p>\n<h2>Unificaci\u00f3n europea: fin a las disparidades entre aerol\u00edneas<\/h2>\n<p>Se acab\u00f3 el quebradero de cabeza para el viajero. Hasta ahora,\u00a0<strong>las pol\u00edticas sobre equipaje de mano eran muy dispares<\/strong>\u00a0en funci\u00f3n de la aerol\u00ednea. Algunas permit\u00edan dos bultos, otras cobraban por maletas de cabina que en teor\u00eda eran gratuitas. Este desorden ha generado m\u00faltiples denuncias de pasajeros y asociaciones de consumidores, y ha sido finalmente abordado por la Euroc\u00e1mara con una votaci\u00f3n favorable a establecer un marco normativo com\u00fan.<\/p>\n<p><strong>La propuesta exige que las aerol\u00edneas permitan sin cargo adicional tanto una maleta de mano como una bolsa personal<\/strong>, alineando as\u00ed las pr\u00e1cticas con los derechos b\u00e1sicos del consumidor. El reglamento a\u00fan no es definitivo, pero las principales aerol\u00edneas europeas ya han comenzado a aplicarlo voluntariamente, como es el caso de\u00a0<strong>Ryanair\u00a0<\/strong>y de las compa\u00f1\u00edas agrupadas en la patronal Airlines for Europe (A4E).<\/p>\n<p>Seg\u00fan esta asociaci\u00f3n, que representa a gigantes del sector como\u00a0<strong>Lufthansa<\/strong>,\u00a0<strong>Air France-KLM<\/strong>,\u00a0<strong>easyJet\u00a0<\/strong>o\u00a0<strong>IAG\u00a0<\/strong>(matriz de\u00a0<strong>Iberia\u00a0<\/strong>y\u00a0<strong>British Airways<\/strong>), todas sus aerol\u00edneas aplicar\u00e1n las nuevas medidas antes de que finalice el verano de 2025.<\/p>\n<h2>\u00bfCu\u00e1ndo se aplicar\u00e1 la norma y qu\u00e9 puede cambiar?<\/h2>\n<p>Aunque la propuesta ya ha sido votada en el\u00a0<strong>Parlamento Europeo<\/strong>, todav\u00eda queda un proceso de negociaci\u00f3n y aprobaci\u00f3n entre los Estados miembros. Se estima que<strong>\u00a0la nueva norma pueda estar en vigor antes de que acabe 2025<\/strong>, aunque este plazo podr\u00eda variar seg\u00fan el consenso alcanzado en el Consejo de la UE.<\/p>\n<p>De aprobarse sin cambios relevantes, el nuevo reglamento ser\u00e1\u00a0<strong>obligatorio para todos los vuelos dentro del territorio de la UE<\/strong>, incluyendo vuelos dom\u00e9sticos y conexiones entre pa\u00edses, sin importar si la compa\u00f1\u00eda es nacional o extranjera, siempre que opere dentro del espacio comunitario.<\/p>\n<h2>M\u00e1s transparencia y menos sorpresas en los precios<\/h2>\n<p>La medida ha sido celebrada tanto por consumidores como por portavoces del sector. Ourania Georgoutsakou, directora general de A4E, ha subrayado que esta unificaci\u00f3n \u00abaportar\u00e1 m\u00e1s claridad a los pasajeros de toda Europa\u00bb, seg\u00fan declaraciones publicadas en\u00a0<em>Euronews<\/em>. \u00abDesde quienes viajan de forma frecuente por trabajo hasta quienes vuelan en familia por vacaciones, todos se beneficiar\u00e1n de una norma clara y justa en todas las aerol\u00edneas miembros\u00bb, a\u00f1adi\u00f3.<\/p>\n<p><strong>British Airways, easyJet y Jet2 ya permiten actualmente equipajes de cabina de mayores dimensiones\u00a0<\/strong>que las estipuladas por la nueva norma, por lo que la regulaci\u00f3n no les afectar\u00e1 directamente, pero s\u00ed establecer\u00e1 un m\u00ednimo legal para toda la industria, lo que elimina el riesgo de sorpresas en el embarque.<\/p>\n<p>El anuncio de\u00a0<strong>Ryanair\u00a0<\/strong>no parece ser casual. La aerol\u00ednea que populariz\u00f3 los vuelos low cost ha sido tambi\u00e9n\u00a0<strong>la m\u00e1s criticada por cobrar por conceptos considerados esenciales por los pasajeros<\/strong>. El equipaje de mano ha sido uno de los grandes motivos de descontento. Se espera que otras compa\u00f1\u00edas como\u00a0<strong>Wizz Air\u00a0<\/strong>o\u00a0<strong>Volotea\u00a0<\/strong>sigan el mismo camino en breve.<\/p>\n<p>La modificaci\u00f3n tambi\u00e9n afectar\u00e1 a los pasajeros que compran billetes b\u00e1sicos, ya que ahora tendr\u00e1n m\u00e1s espacio sin tener que pagar suplementos, un gesto que podr\u00eda tener consecuencias en las\u00a0<a title=\"Ryanair reduce un 16% el beneficio por las tarifas m\u00e1s bajas\" href=\"https:\/\/www.businessinsider.es\/economia\/ryanair-reduce-16-beneficio-tarifas-bajas-1461881\">ventas de tarifas<\/a>\u00a0superiores, como las que permiten embarque prioritario o asiento reservado.<\/p>\n<p><a class=\"author-block_text__A5F3o\" href=\"https:\/\/www.businessinsider.es\/redaccion\/felix-esteban\" rel=\"author\">F\u00e9lix Esteban<\/a><\/p>\n","protected":false},"excerpt":{"rendered":"<p>La legislaci\u00f3n manda y hay que adaptarse, para beneficio en este caso del usuario. La aerol\u00ednea irlandesa\u00a0Ryanair\u00a0se ha adelantado y ha confirmado un\u00a0aumento del 20% en su franquicia gratuita de equipaje de mano, coincidiendo con la inminente\u00a0regulaci\u00f3n europea\u00a0que busca establecer una norma com\u00fan para el transporte de bolsas y maletas peque\u00f1as en cabina sin coste&#46;&#46;&#46;<\/p>\n","protected":false},"author":1,"featured_media":2770,"comment_status":"open","ping_status":"open","sticky":false,"template":"","format":"standard","meta":{"footnotes":"","_links_to":"","_links_to_target":""},"categories":[5],"tags":[],"class_list":["post-2786","post","type-post","status-publish","format-standard","has-post-thumbnail","hentry","category-viajes"],"nelio_content":{"autoShareEndMode":"never","automationSources":{"useCustomSentences":false,"customSentences":[]},"efiAlt":"","efiUrl":"","followers":[1],"highlights":[],"isAutoShareEnabled":true,"networkImageIds":[],"permalinkQueryArgs":[],"series":[],"suggestedReferences":[]},"_links":{"self":[{"href":"https:\/\/bitacoraenlared.es\/chicas\/wp-json\/wp\/v2\/posts\/2786","targetHints":{"allow":["GET"]}}],"collection":[{"href":"https:\/\/bitacoraenlared.es\/chicas\/wp-json\/wp\/v2\/posts"}],"about":[{"href":"https:\/\/bitacoraenlared.es\/chicas\/wp-json\/wp\/v2\/types\/post"}],"author":[{"embeddable":true,"href":"https:\/\/bitacoraenlared.es\/chicas\/wp-json\/wp\/v2\/users\/1"}],"replies":[{"embeddable":true,"href":"https:\/\/bitacoraenlared.es\/chicas\/wp-json\/wp\/v2\/comments?post=2786"}],"version-history":[{"count":1,"href":"https:\/\/bitacoraenlared.es\/chicas\/wp-json\/wp\/v2\/posts\/2786\/revisions"}],"predecessor-version":[{"id":2787,"href":"https:\/\/bitacoraenlared.es\/chicas\/wp-json\/wp\/v2\/posts\/2786\/revisions\/2787"}],"wp:featuredmedia":[{"embeddable":true,"href":"https:\/\/bitacoraenlared.es\/chicas\/wp-json\/wp\/v2\/media\/2770"}],"wp:attachment":[{"href":"https:\/\/bitacoraenlared.es\/chicas\/wp-json\/wp\/v2\/media?parent=2786"}],"wp:term":[{"taxonomy":"category","embeddable":true,"href":"https:\/\/bitacoraenlared.es\/chicas\/wp-json\/wp\/v2\/categories?post=2786"},{"taxonomy":"post_tag","embeddable":true,"href":"https:\/\/bitacoraenlared.es\/chicas\/wp-json\/wp\/v2\/tags?post=2786"}],"curies":[{"name":"wp","href":"https:\/\/api.w.org\/{rel}","templated":true}]}}