{"id":2827,"date":"2025-08-16T12:41:48","date_gmt":"2025-08-16T10:41:48","guid":{"rendered":"https:\/\/bitacoraenlared.es\/chicas\/?p=2827"},"modified":"2025-08-17T12:44:11","modified_gmt":"2025-08-17T10:44:11","slug":"muere-un-hombre-tras-un-trasplante-capilar-cual-pudo-ser-la-causa","status":"publish","type":"post","link":"https:\/\/bitacoraenlared.es\/chicas\/muere-un-hombre-tras-un-trasplante-capilar-cual-pudo-ser-la-causa\/","title":{"rendered":"Muere un hombre tras un trasplante capilar: \u00bfcu\u00e1l pudo ser la causa?"},"content":{"rendered":"<p>Un hombre brit\u00e1nico de 38 a\u00f1os\u00a0<strong>ha muerto tras un trasplante capilar<\/strong>\u00a0en Turqu\u00eda. Se llamaba\u00a0<strong>Martyn Latchman<\/strong>, era profesor e inform\u00e1tico y, seg\u00fan los trabajadores de la cl\u00ednica, hab\u00eda firmado una autorizaci\u00f3n despu\u00e9s de someterse a un examen m\u00e9dico que certific\u00f3 que no ten\u00eda condiciones preexistentes que pudiesen complicar\u00a0<a href=\"https:\/\/hipertextual.com\/ciencia\/trasplantes-de-barba-auge\/\">la intervenci\u00f3n<\/a>. Por ese motivo, no se sabe si el fallecimiento ha sido casual o debido a complicaciones por el trasplante.\u00a0<strong>Se ha solicitado una autopsia<\/strong>\u00a0para esclarecer los hechos, pero a\u00fan no hay resultados.<\/p>\n<p>La intervenci\u00f3n se llev\u00f3 a cabo el pasado 28 de julio en el\u00a0<strong>Dr. Cinik Hospital de Besiktas<\/strong>, en Estambul. El propio centro m\u00e9dico ha abierto una investigaci\u00f3n, pero por ahora no hay respuestas. Actualmente no hay ni un solo caso de muerte por trasplante capilar descrito en la literatura m\u00e9dica. S\u00ed que hay algunos<strong>\u00a0casos descritos por medios de comunicaci\u00f3n<\/strong>, pero no hay investigaciones cient\u00edficas que los respalden.<\/p>\n<p>Ahora bien, si se produce un triste fallecimiento como este, \u00bfcu\u00e1les pueden ser los motivos? \u00bfRealmente hay algo en ese tipo de intervenciones que pueda conducir a la muerte?<\/p>\n<h2 id=\"h-las-causas-de-muerte-por-trasplante-capilar-son-rarisimas\" class=\"wp-block-heading\">Las causas de muerte por trasplante capilar son rar\u00edsimas<\/h2>\n<p>En 2018, dos investigadores de la India\u00a0<a href=\"https:\/\/pmc.ncbi.nlm.nih.gov\/articles\/PMC6371733\/\">publicaron un estudio<\/a>\u00a0en el que se analizaban posibles complicaciones en este tipo de procedimientos. Fueron justamente ellos los que observaron que\u00a0<strong>nunca se ha documentado una muerte por trasplante capilar<\/strong>, pero s\u00ed se pueden dar complicaciones de diversa gravedad.<\/p>\n<p>Estas pueden ser durante la operaci\u00f3n o despu\u00e9s de la misma. En el primer grupo encontramos, por ejemplo,<strong>\u00a0posibles sangrados, taquicardias, dolor y desmayos por s\u00edncope.\u00a0<\/strong>Despu\u00e9s de la operaci\u00f3n, en cambio, puede haber\u00a0<strong>infecciones, picaz\u00f3n, hinchaz\u00f3n y m\u00e1s dolor.<\/strong>\u00a0Tambi\u00e9n\u00a0<a href=\"https:\/\/revistachilenadeanestesia.cl\/revchilanestv5128061716\/\">hay s\u00edntomas curiosos como el hipo benigno<\/a>\u00a0producido por la anestesia. Es algo que no ocurre solo durante un trasplante capilar. Puede darse raramente en cualquier intervenci\u00f3n con sedaci\u00f3n.<\/p>\n<p>Generalmente, ninguno de estos s\u00edntomas es preocupante. No obstante, s\u00ed que podr\u00edan darse casos graves de<strong>\u00a0infecci\u00f3n<\/strong>, sobre todo si las heridas de la operaci\u00f3n no se curan adecuadamente. Igualmente, si se cometen\u00a0<strong>errores en la administraci\u00f3n de la anestesia,\u00a0<\/strong>tambi\u00e9n podr\u00eda haber complicaciones fatales. De hecho, en 2019, tras la muerte durante un trasplante capilar de un hombre en Bilbao, sus hermanos\u00a0<a href=\"https:\/\/www.lavanguardia.com\/local\/paisvasco\/20240910\/9927526\/archivada-causa-muerte-hombre-bilbao-implante-capilar.html\">acusaron a la cl\u00ednica<\/a>\u00a0de haber administrado\u00a0<strong>una dosis excesiva de anestesia.<\/strong>\u00a0La autopsia demostr\u00f3 que no hab\u00eda sido el caso, y que podr\u00eda ser que el paciente tuviese una cardiopat\u00eda sin diagnosticar. Sin embargo, s\u00ed que podr\u00eda ocurrir algo as\u00ed si la cl\u00ednica no lleva a cabo el procedimiento de la forma adecuada. Tambi\u00e9n puede haber\u00a0<strong>reacciones al\u00e9rgicas a la anestesia,<\/strong>\u00a0aunque estas se suelen descubrir en las pruebas previas a la operaci\u00f3n.<\/p>\n<h2 id=\"h-que-casos-se-han-documentado-en-medios-de-comunicacion\" class=\"wp-block-heading\">\u00bfQu\u00e9 casos se han documentado en medios de comunicaci\u00f3n?<\/h2>\n<p>A falta de casos de muerte por trasplante capilar en la literatura cient\u00edfica, s\u00ed que podemos encontrar algunos en los medios de comunicaci\u00f3n. Sin embargo, siempre hay una explicaci\u00f3n,\u00a0<a href=\"https:\/\/www.hims.com\/blog\/hair-transplant-deaths\">normalmente basada en la mala praxis<\/a>. Por ejemplo, se dio el caso de un hombre fallecido tras la intervenci\u00f3n por parte de una persona que no ten\u00eda ning\u00fan tipo de formaci\u00f3n ni autorizaci\u00f3n para realizar un trasplante capilar. Solo ten\u00eda autorizaci\u00f3n para\u00a0<strong>cortar el pelo.\u00a0<\/strong><\/p>\n<p>En este caso, seguimos sin saber qu\u00e9 ha ocurrido. Al parecer, Latchman comenz\u00f3 a sentirse mal poco despu\u00e9s de la intervenci\u00f3n, pero no ha trascendido lo que le ocurri\u00f3. Sea como sea, el trasplante capilar sigue siendo\u00a0<strong>una intervenci\u00f3n segura.<\/strong>\u00a0Eso s\u00ed, si est\u00e1s pensado hacerte uno, nuestra recomendaci\u00f3n es que te asegures de que la cl\u00ednica elegida tiene todas las autorizaciones pertinentes. As\u00ed te evitar\u00e1s muchos sustos.<\/p>\n<p><span class=\"author vcard\"><a class=\"url fn n\" href=\"https:\/\/hipertextual.com\/autor\/azucenamartin\/\">Azucena Mart\u00edn<\/a><\/span><\/p>\n","protected":false},"excerpt":{"rendered":"<p>Un hombre brit\u00e1nico de 38 a\u00f1os\u00a0ha muerto tras un trasplante capilar\u00a0en Turqu\u00eda. Se llamaba\u00a0Martyn Latchman, era profesor e inform\u00e1tico y, seg\u00fan los trabajadores de la cl\u00ednica, hab\u00eda firmado una autorizaci\u00f3n despu\u00e9s de someterse a un examen m\u00e9dico que certific\u00f3 que no ten\u00eda condiciones preexistentes que pudiesen complicar\u00a0la intervenci\u00f3n. Por ese motivo, no se sabe si&#46;&#46;&#46;<\/p>\n","protected":false},"author":1,"featured_media":2798,"comment_status":"open","ping_status":"open","sticky":false,"template":"","format":"standard","meta":{"footnotes":"","_links_to":"","_links_to_target":""},"categories":[4],"tags":[],"class_list":["post-2827","post","type-post","status-publish","format-standard","has-post-thumbnail","hentry","category-curiosidades"],"nelio_content":{"autoShareEndMode":"never","automationSources":{"useCustomSentences":false,"customSentences":[]},"efiAlt":"","efiUrl":"","followers":[1],"highlights":[],"isAutoShareEnabled":true,"networkImageIds":[],"permalinkQueryArgs":[],"series":[],"suggestedReferences":[]},"_links":{"self":[{"href":"https:\/\/bitacoraenlared.es\/chicas\/wp-json\/wp\/v2\/posts\/2827","targetHints":{"allow":["GET"]}}],"collection":[{"href":"https:\/\/bitacoraenlared.es\/chicas\/wp-json\/wp\/v2\/posts"}],"about":[{"href":"https:\/\/bitacoraenlared.es\/chicas\/wp-json\/wp\/v2\/types\/post"}],"author":[{"embeddable":true,"href":"https:\/\/bitacoraenlared.es\/chicas\/wp-json\/wp\/v2\/users\/1"}],"replies":[{"embeddable":true,"href":"https:\/\/bitacoraenlared.es\/chicas\/wp-json\/wp\/v2\/comments?post=2827"}],"version-history":[{"count":1,"href":"https:\/\/bitacoraenlared.es\/chicas\/wp-json\/wp\/v2\/posts\/2827\/revisions"}],"predecessor-version":[{"id":2828,"href":"https:\/\/bitacoraenlared.es\/chicas\/wp-json\/wp\/v2\/posts\/2827\/revisions\/2828"}],"wp:featuredmedia":[{"embeddable":true,"href":"https:\/\/bitacoraenlared.es\/chicas\/wp-json\/wp\/v2\/media\/2798"}],"wp:attachment":[{"href":"https:\/\/bitacoraenlared.es\/chicas\/wp-json\/wp\/v2\/media?parent=2827"}],"wp:term":[{"taxonomy":"category","embeddable":true,"href":"https:\/\/bitacoraenlared.es\/chicas\/wp-json\/wp\/v2\/categories?post=2827"},{"taxonomy":"post_tag","embeddable":true,"href":"https:\/\/bitacoraenlared.es\/chicas\/wp-json\/wp\/v2\/tags?post=2827"}],"curies":[{"name":"wp","href":"https:\/\/api.w.org\/{rel}","templated":true}]}}