{"id":3352,"date":"2025-11-20T19:10:52","date_gmt":"2025-11-20T18:10:52","guid":{"rendered":"https:\/\/bitacoraenlared.es\/chicas\/?p=3352"},"modified":"2025-11-16T19:13:57","modified_gmt":"2025-11-16T18:13:57","slug":"las-guerreras-k-pop-2-ya-esta-oficialmente-en-marcha-y-tiene-fecha-de-estreno-en-netflix-aunque-no-son-buenas-noticias","status":"publish","type":"post","link":"https:\/\/bitacoraenlared.es\/chicas\/las-guerreras-k-pop-2-ya-esta-oficialmente-en-marcha-y-tiene-fecha-de-estreno-en-netflix-aunque-no-son-buenas-noticias\/","title":{"rendered":"\u2018Las guerreras K-POP 2\u2019 ya est\u00e1 oficialmente en marcha y tiene fecha de estreno en Netflix\u2026 aunque no son buenas noticias"},"content":{"rendered":"<p>Tras el \u00e9xito de la pel\u00edcula, Netflix ya ha puesto en marcha\u00a0<em><strong><a href=\"https:\/\/hipertextual.com\/cine-television\/las-guerreras-k-pop-2-recibe-importantes-novedades-de-netflix\/\">Las guerreras K-POP 2<\/a><\/strong><\/em>, una secuela que incluso tiene fecha de estreno fijada. Desde que el filme viera la luz en verano, millones y millones de fans la han visto una y otra vez hasta convertirla en un fen\u00f3meno planetario si precedentes. No en vano es\u00a0<a href=\"https:\/\/hipertextual.com\/cine-television\/las-guerreras-k-pop-pelicula-mas-vista-de-la-historia-de-netflix\/\">la pel\u00edcula m\u00e1s vista de la historia de Netflix<\/a>\u00a0(con mucha diferencia sobre la segunda) y cuenta con varias canciones entre las m\u00e1s escuchadas del a\u00f1o.<\/p>\n<p>Por todo ello,\u00a0<a href=\"https:\/\/hipertextual.com\/cine-television\/las-guerreras-k-pop-sigue-batiendo-records-en-netflix\/\">era solo cuesti\u00f3n de tiempo<\/a>\u00a0que Netflix y Sony Pictures Animation llegaran a un acuerdo para hacer\u00a0<em>Las guerreras K-POP 2<\/em>. Ahora, seg\u00fan ha informado\u00a0<em><a href=\"https:\/\/www.bloomberg.com\/news\/articles\/2025-11-05\/kpop-demon-hunters-toys-will-arrive-in-2026-long-after-christmas\" target=\"_blank\" rel=\"noreferrer noopener\">Bloomberg<\/a><\/em>, ese acuerdo se ha cerrado y la secuela ya est\u00e1 oficialmente en marcha. Aunque ni el estudio ni la plataforma de streaming lo han anunciado, se espera que los codirectores\u00a0<strong>Maggie Kang<\/strong>\u00a0y\u00a0<strong>Chris Appelhans<\/strong>\u00a0repitan una vez m\u00e1s.<\/p>\n<p>Sin embargo, no todo son buenas noticias para los fans. Y es que esta segunda entrega ya tendr\u00eda un calendario planificado, y vamos a tener que armarnos de mucha paciencia para verla. De acuerdo a la fuente, la fecha de estreno de\u00a0<em>Las guerras K-POP 2<\/em>\u00a0ser\u00e1 en\u00a0<strong>2029<\/strong>\u00a0en Netflix. Es decir, a\u00fan nos\u00a0<a href=\"https:\/\/hipertextual.com\/cine-television\/3-razones-del-exito-de-las-guerreras-k-pop-en-netflix\/\">quedan pr\u00e1cticamente cuatro largos a\u00f1os para disfrutarla<\/a>. Un duro varapalo que se justifica por lo largos que son los procesos de producci\u00f3n de pel\u00edculas animadas.<\/p>\n<p>Ya a finales de agosto se inform\u00f3 de que\u00a0<em>Las guerreras K-POP 2<\/em>\u00a0pod\u00eda ser una realidad. Netflix y Sony negociaban para llevarla a cabo cuanto antes. Pero la primera cinta, seg\u00fan desvel\u00f3 en su momento\u00a0<strong>Kang<\/strong>, tard\u00f3 siete a\u00f1os en hacerse realidad desde que present\u00f3 la idea. Ahora el proceso ya est\u00e1 m\u00e1s avanzado, con los dise\u00f1os de los personajes hechos y muchos puntos de la historia asentados. Pero, en cualquier caso, va a llevar mucho tiempo poder terminarla y estrenarla. Eso s\u00ed, el medio se\u00f1ala que, obviamente, 2029 es una fecha sujeta a cambios.<\/p>\n<p><a href=\"https:\/\/bitacoraenlared.es\/chicas\/wp-content\/uploads\/sites\/2\/2024\/11\/455885112_3781726492063697_5626581097936841487_n.jpg\"><img loading=\"lazy\" decoding=\"async\" class=\"aligncenter wp-image-1299\" src=\"https:\/\/bitacoraenlared.es\/chicas\/wp-content\/uploads\/sites\/2\/2024\/11\/455885112_3781726492063697_5626581097936841487_n.jpg\" alt=\"\" width=\"800\" height=\"1422\" srcset=\"https:\/\/bitacoraenlared.es\/chicas\/wp-content\/uploads\/sites\/2\/2024\/11\/455885112_3781726492063697_5626581097936841487_n.jpg 720w, https:\/\/bitacoraenlared.es\/chicas\/wp-content\/uploads\/sites\/2\/2024\/11\/455885112_3781726492063697_5626581097936841487_n-169x300.jpg 169w, https:\/\/bitacoraenlared.es\/chicas\/wp-content\/uploads\/sites\/2\/2024\/11\/455885112_3781726492063697_5626581097936841487_n-576x1024.jpg 576w, https:\/\/bitacoraenlared.es\/chicas\/wp-content\/uploads\/sites\/2\/2024\/11\/455885112_3781726492063697_5626581097936841487_n-520x924.jpg 520w\" sizes=\"auto, (max-width: 800px) 100vw, 800px\" \/><\/a><\/p>\n<h2 id=\"h-netflix-se-toma-con-calma-las-guerras-k-pop-2\" class=\"wp-block-heading\">Netflix se toma con calma\u00a0<em>Las guerras K-POP 2<\/em><\/h2>\n<p>Tanto\u00a0<strong>Maggie Kang<\/strong>\u00a0com0\u00a0<strong>Chris Appelhans<\/strong>\u00a0hab\u00edan mostrado inter\u00e9s en hacer\u00a0<em>Las guerreras K-POP 2<\/em>. Aunque, tal y como nos contaron\u00a0<a href=\"https:\/\/hipertextual.com\/cine-television\/los-directores-de-las-guerreras-k-pop-revelan-una-nueva-escena-alternativa-del-final-de-la-pelicula-nadie-la-ha-visto-nunca\/\">en exclusiva a Hipertextual<\/a>, se lo toman con calma. \u00abLa gente solo quiere que nos pongamos a trabajar. Nosotros queremos pasar el rato y disfrutar del momento, chicos. Relajaos.\u00a0<a href=\"https:\/\/hipertextual.com\/apple\/nuevo-reves-para-epic-games-apple-bloquea-la-vuelta-de-fortnite-al-iphone\/\">Acabamos de salir en Fortnite<\/a>\u00a0y ahora mismo ni siquiera puedo jugarlo. Me est\u00e1 matando\u00bb, bromeaba\u00a0<strong>Kang<\/strong>.<\/p>\n<p>\u00abEstamos disfrutando de estos momentos de viajar, conocer gente&#8230;\u00bb, se un\u00eda\u00a0<strong>Appelhans<\/strong>. Es muy probable que\u00a0<a href=\"https:\/\/hipertextual.com\/cine-television\/de-que-va-las-guerreras-k-pop-el-inesperado-exito-de-netflix\/\">ya tengan muchas ideas en mente<\/a>\u00a0sobre c\u00f3mo continuar la historia. Pero a su vez no quieren precipitarse y romper el estatus que ha logrado la cinta original. Por tanto, no hay m\u00e1s remedio que esperar a que llegue 2029 para ver\u00a0<em>Las guerreras K-POP 2<\/em>.<\/p>\n<p><a class=\"url fn n\" href=\"https:\/\/hipertextual.com\/autor\/gonzalofranco\/\">Gonzalo Franco<\/a><\/p>\n","protected":false},"excerpt":{"rendered":"<p>Tras el \u00e9xito de la pel\u00edcula, Netflix ya ha puesto en marcha\u00a0Las guerreras K-POP 2, una secuela que incluso tiene fecha de estreno fijada. Desde que el filme viera la luz en verano, millones y millones de fans la han visto una y otra vez hasta convertirla en un fen\u00f3meno planetario si precedentes. No en&#46;&#46;&#46;<\/p>\n","protected":false},"author":1,"featured_media":3343,"comment_status":"open","ping_status":"open","sticky":false,"template":"","format":"standard","meta":{"footnotes":"","_links_to":"","_links_to_target":""},"categories":[7],"tags":[],"class_list":["post-3352","post","type-post","status-publish","format-standard","has-post-thumbnail","hentry","category-peliculas"],"nelio_content":{"autoShareEndMode":"never","automationSources":{"useCustomSentences":false,"customSentences":[]},"efiAlt":"","efiUrl":"","followers":[1],"highlights":[],"isAutoShareEnabled":true,"networkImageIds":[],"permalinkQueryArgs":[],"series":[],"suggestedReferences":[]},"_links":{"self":[{"href":"https:\/\/bitacoraenlared.es\/chicas\/wp-json\/wp\/v2\/posts\/3352","targetHints":{"allow":["GET"]}}],"collection":[{"href":"https:\/\/bitacoraenlared.es\/chicas\/wp-json\/wp\/v2\/posts"}],"about":[{"href":"https:\/\/bitacoraenlared.es\/chicas\/wp-json\/wp\/v2\/types\/post"}],"author":[{"embeddable":true,"href":"https:\/\/bitacoraenlared.es\/chicas\/wp-json\/wp\/v2\/users\/1"}],"replies":[{"embeddable":true,"href":"https:\/\/bitacoraenlared.es\/chicas\/wp-json\/wp\/v2\/comments?post=3352"}],"version-history":[{"count":1,"href":"https:\/\/bitacoraenlared.es\/chicas\/wp-json\/wp\/v2\/posts\/3352\/revisions"}],"predecessor-version":[{"id":3353,"href":"https:\/\/bitacoraenlared.es\/chicas\/wp-json\/wp\/v2\/posts\/3352\/revisions\/3353"}],"wp:featuredmedia":[{"embeddable":true,"href":"https:\/\/bitacoraenlared.es\/chicas\/wp-json\/wp\/v2\/media\/3343"}],"wp:attachment":[{"href":"https:\/\/bitacoraenlared.es\/chicas\/wp-json\/wp\/v2\/media?parent=3352"}],"wp:term":[{"taxonomy":"category","embeddable":true,"href":"https:\/\/bitacoraenlared.es\/chicas\/wp-json\/wp\/v2\/categories?post=3352"},{"taxonomy":"post_tag","embeddable":true,"href":"https:\/\/bitacoraenlared.es\/chicas\/wp-json\/wp\/v2\/tags?post=3352"}],"curies":[{"name":"wp","href":"https:\/\/api.w.org\/{rel}","templated":true}]}}