{"id":3633,"date":"2025-12-22T12:31:27","date_gmt":"2025-12-22T11:31:27","guid":{"rendered":"https:\/\/bitacoraenlared.es\/chicas\/?p=3633"},"modified":"2025-12-27T12:41:12","modified_gmt":"2025-12-27T11:41:12","slug":"las-cinco-palabras-mas-utilizadas-segun-la-inteligencia-artificial-por-las-personas-menos-inteligentes","status":"publish","type":"post","link":"https:\/\/bitacoraenlared.es\/chicas\/las-cinco-palabras-mas-utilizadas-segun-la-inteligencia-artificial-por-las-personas-menos-inteligentes\/","title":{"rendered":"Las cinco palabras m\u00e1s utilizadas, seg\u00fan la inteligencia artificial, por las personas menos inteligentes"},"content":{"rendered":"<p>Nuestro lenguaje nos define, las expresiones que utilizamos a diario y el modo en el que lo hacemos\u00a0<strong>dicen mucho acerca de nosotros<\/strong>\u00a0y acerca de\u00a0<strong>c\u00f3mo nos perciben los dem\u00e1s<\/strong>. Por ello, algunas de las palabras\u00a0<a href=\"https:\/\/www.vanitatis.elconfidencial.com\/vida-saludable\/2024-11-07\/mejores-canciones-inteligencia-artificial-1qrt_3999310\/\" target=\"_self\">m\u00e1s empleadas en nuestro vocabulario<\/a>\u00a0pueden reflejar una\u00a0<strong>mejor o menor capacidad de an\u00e1lisis<\/strong>\u00a0o de expresi\u00f3n.<\/p>\n<p>Sobre esta cuesti\u00f3n\u00a0<a href=\"https:\/\/www.vanitatis.elconfidencial.com\/estilo\/ocio\/2024-01-16\/los-gadgets-de-la-inteligencia-artificial_3810809\/\" target=\"_self\">se le ha preguntado a la inteligencia artificial<\/a>, y esta ha sugerido que existen ciertas palabras que, al emplearlas,\u00a0<strong>podr\u00edan indicar un conocimiento limitado en las personas que m\u00e1s las usan<\/strong>. Una conclusiones que no tienen base cient\u00edfica pero que\u00a0<strong>resulta curioso tener en cuenta<\/strong>\u00a0para ver qu\u00e9 lugar ocupan en nuestro vocabulario habitual.<\/p>\n<p>Algunos estudios en ling\u00fc\u00edstica han se\u00f1alado que el contexto social, la educaci\u00f3n y la experiencia personal\u00a0<strong>juegan un papel muy importante<\/strong>\u00a0en el tipo de palabras que elegimos para expresarnos. Al preguntarle a la IA por ello, esta ha revelado las pautas a las que m\u00e1s recurren las<strong>\u00a0personas con menos habilidades cognitivas<\/strong>\u00a0o niveles educativos bajos.<\/p>\n<p><a href=\"https:\/\/bitacoraenlared.es\/chicas\/wp-content\/uploads\/sites\/2\/2025\/12\/842660cf-ba8d-4b02-869f-32021ba7bd3c.webp\"><img loading=\"lazy\" decoding=\"async\" class=\"aligncenter wp-image-3538\" src=\"https:\/\/bitacoraenlared.es\/chicas\/wp-content\/uploads\/sites\/2\/2025\/12\/842660cf-ba8d-4b02-869f-32021ba7bd3c.webp\" alt=\"\" width=\"800\" height=\"1067\" srcset=\"https:\/\/bitacoraenlared.es\/chicas\/wp-content\/uploads\/sites\/2\/2025\/12\/842660cf-ba8d-4b02-869f-32021ba7bd3c.webp 600w, https:\/\/bitacoraenlared.es\/chicas\/wp-content\/uploads\/sites\/2\/2025\/12\/842660cf-ba8d-4b02-869f-32021ba7bd3c-225x300.webp 225w, https:\/\/bitacoraenlared.es\/chicas\/wp-content\/uploads\/sites\/2\/2025\/12\/842660cf-ba8d-4b02-869f-32021ba7bd3c-520x693.webp 520w\" sizes=\"auto, (max-width: 800px) 100vw, 800px\" \/><\/a><\/p>\n<p>Por ejemplo, una\u00a0<strong>frecuencia de muletillas<\/strong>\u00a0durante la conversaci\u00f3n,\u00a0<strong>utilizar t\u00e9rminos generales<\/strong>\u00a0para definir algo como \u00abcosa\u00bb, \u00abtodo\u00bb o \u00abnada\u00bb y tener un vocabulario muy reducido, son\u00a0<strong>algunas de las limitaciones<\/strong>\u00a0que\u00a0<a href=\"https:\/\/www.vanitatis.elconfidencial.com\/vida-saludable\/2024-10-31\/diez-mejores-comidas-segun-ia-1qrt_3995047\/\" target=\"_self\">la inteligencia artificial ha querido destacar<\/a>.<\/p>\n<p>Respecto a las palabras que la IA ha se\u00f1alado como<strong>\u00a0propias de las personas con menos habilidades cognitivas<\/strong>, utilizaci\u00f3n de estas podr\u00eda reflejar un estilo de comunicaci\u00f3n\u00a0<a href=\"https:\/\/www.vanitatis.elconfidencial.com\/estilo\/belleza\/2023-12-05\/maquina-conseguir-tono-maquillaje-inteligencia-artificial_3786898\/\" target=\"_self\">menos profundo y una menor capacidad reflexiva<\/a>. Las palabras que la inteligencia artificial ha se\u00f1alado son:<\/p>\n<ul class=\"bodyList bodyList--unordered\">\n<li class=\"bodyList__item\"><b>Como<\/b>, cuyo uso se emplea para hacer pausas, lo cual puede dar la impresi\u00f3n de<strong>\u00a0falta de claridad en la comunicaci\u00f3n<\/strong>.<\/li>\n<li class=\"bodyList__item\"><b>Simplemente<\/b>, que podr\u00eda indicar una\u00a0<strong>visi\u00f3n superficial o limitada\u00a0<\/strong>sobre un tema espec\u00edfico de la conversaci\u00f3n.<\/li>\n<li class=\"bodyList__item\"><b>Genial<\/b>, utilizada para expresar aprobaci\u00f3n pero\u00a0<strong>sin aportar ning\u00fan tipo de argumento<\/strong>.<\/li>\n<li class=\"bodyList__item\"><b>B\u00e1sicamente<\/b>, indica falta de profundidad en el conocimiento.<\/li>\n<li class=\"bodyList__item\"><b>Obvio<\/b>, que aunque indique<b>\u00a0<\/b>claridad, tambi\u00e9n puede mostrar una falta de an\u00e1lisis.<\/li>\n<\/ul>\n<p>Sobre todo, cabe destacar que el uso de estas palabras\u00a0<strong>no implica necesariamente que una persona carezca de inteligencia<\/strong>\u00a0ni de capacidad de expresi\u00f3n. En muchos casos, estas expresiones\u00a0<a href=\"https:\/\/www.vanitatis.elconfidencial.com\/vida-saludable\/2023-07-10\/inteligencia-artificial-rasgos-atractivos-aspecto_3691023\/\" target=\"_self\">pueden ser una forma de comunicaci\u00f3n sencilla y accesible<\/a>, donde el objetivo es generalizar.<\/p>\n<p>Algunos estudios psicol\u00f3gicos sostienen que emplear repetidamente ciertas palabras<strong>\u00a0podr\u00eda se\u00f1alar una preferencia por no complicarse al hablar<\/strong>, y aunque la IA pueda hacer observaciones al respecto, cabe\u00a0<strong>tener en cuenta el contexto<\/strong>\u00a0y los m\u00faltiples factores que intervienen en el acto comunicativo.<\/p>\n<p><a class=\"authorSignature__link\" href=\"https:\/\/www.vanitatis.elconfidencial.com\/autores\/sandra-gonzalvez-5771\/\">Sandra Gonz\u00e1lvez<\/a><\/p>\n","protected":false},"excerpt":{"rendered":"<p>Nuestro lenguaje nos define, las expresiones que utilizamos a diario y el modo en el que lo hacemos\u00a0dicen mucho acerca de nosotros\u00a0y acerca de\u00a0c\u00f3mo nos perciben los dem\u00e1s. Por ello, algunas de las palabras\u00a0m\u00e1s empleadas en nuestro vocabulario\u00a0pueden reflejar una\u00a0mejor o menor capacidad de an\u00e1lisis\u00a0o de expresi\u00f3n. Sobre esta cuesti\u00f3n\u00a0se le ha preguntado a la&#46;&#46;&#46;<\/p>\n","protected":false},"author":1,"featured_media":3538,"comment_status":"open","ping_status":"open","sticky":false,"template":"","format":"standard","meta":{"footnotes":"","_links_to":"","_links_to_target":""},"categories":[4],"tags":[],"class_list":["post-3633","post","type-post","status-publish","format-standard","has-post-thumbnail","hentry","category-curiosidades"],"nelio_content":{"autoShareEndMode":"never","automationSources":{"useCustomSentences":false,"customSentences":[]},"efiAlt":"","efiUrl":"","followers":[1],"highlights":[],"isAutoShareEnabled":true,"networkImageIds":[],"permalinkQueryArgs":[],"series":[],"suggestedReferences":[]},"_links":{"self":[{"href":"https:\/\/bitacoraenlared.es\/chicas\/wp-json\/wp\/v2\/posts\/3633","targetHints":{"allow":["GET"]}}],"collection":[{"href":"https:\/\/bitacoraenlared.es\/chicas\/wp-json\/wp\/v2\/posts"}],"about":[{"href":"https:\/\/bitacoraenlared.es\/chicas\/wp-json\/wp\/v2\/types\/post"}],"author":[{"embeddable":true,"href":"https:\/\/bitacoraenlared.es\/chicas\/wp-json\/wp\/v2\/users\/1"}],"replies":[{"embeddable":true,"href":"https:\/\/bitacoraenlared.es\/chicas\/wp-json\/wp\/v2\/comments?post=3633"}],"version-history":[{"count":2,"href":"https:\/\/bitacoraenlared.es\/chicas\/wp-json\/wp\/v2\/posts\/3633\/revisions"}],"predecessor-version":[{"id":3635,"href":"https:\/\/bitacoraenlared.es\/chicas\/wp-json\/wp\/v2\/posts\/3633\/revisions\/3635"}],"wp:featuredmedia":[{"embeddable":true,"href":"https:\/\/bitacoraenlared.es\/chicas\/wp-json\/wp\/v2\/media\/3538"}],"wp:attachment":[{"href":"https:\/\/bitacoraenlared.es\/chicas\/wp-json\/wp\/v2\/media?parent=3633"}],"wp:term":[{"taxonomy":"category","embeddable":true,"href":"https:\/\/bitacoraenlared.es\/chicas\/wp-json\/wp\/v2\/categories?post=3633"},{"taxonomy":"post_tag","embeddable":true,"href":"https:\/\/bitacoraenlared.es\/chicas\/wp-json\/wp\/v2\/tags?post=3633"}],"curies":[{"name":"wp","href":"https:\/\/api.w.org\/{rel}","templated":true}]}}