{"id":3864,"date":"2026-02-05T17:55:41","date_gmt":"2026-02-05T16:55:41","guid":{"rendered":"https:\/\/bitacoraenlared.es\/chicas\/?p=3864"},"modified":"2026-02-05T17:55:41","modified_gmt":"2026-02-05T16:55:41","slug":"que-es-la-bazuca-comercial-de-la-que-habla-macron-en-davos-contra-trump-y-asi-te-afecta","status":"publish","type":"post","link":"https:\/\/bitacoraenlared.es\/chicas\/que-es-la-bazuca-comercial-de-la-que-habla-macron-en-davos-contra-trump-y-asi-te-afecta\/","title":{"rendered":"Qu\u00e9 es la bazuca comercial de la que habla Macron en Davos contra Trump y as\u00ed te afecta"},"content":{"rendered":"<p><b>Donald Trump<\/b>\u00a0quiere<a title=\"Trump formaliza en Davos la 'opa hostil' sobre Groenlandia: &quot;Es parte de Norteam\u00e9rica, es nuestro territorio&quot;\" href=\"https:\/\/www.businessinsider.es\/economia\/trump-formaliza-davos-opa-sobre-groenlandia-es-parte-norteamerica-es-nuestro-territorio_6924104_0.html\">\u00a0<b>Groenlandia<\/b><\/a>. As\u00ed lo ha confirmado el propio presidente de Estados Unidos (EEUU) durante su discurso en el\u00a0<a title=\"Donald Trump en Davos, \u00faltimas noticias | &quot;Amo a Europa y quiero verla prosperar, pero no va por buen camino&quot;\" href=\"https:\/\/www.businessinsider.es\/defensa-espacio\/directo-trump-davos-ultima-hora\"><b>Foro de Davos<\/b><\/a>\u00a0ante la mirada atenta e incr\u00e9dula de algunos de los asistentes. De poco sirvi\u00f3 el reclamo del presidente franc\u00e9s Emmanuel Macron que,\u00a0<b><a title=\"Las fotos que solo puedes ver en Davos: de las gafas de Macron a Beckham\" href=\"https:\/\/www.businessinsider.es\/economia\/fotos-davos-destacadas_6923743_1.html\">gafas de sol<\/a>\u00a0<\/b>mediante,\u00a0<b>reclamaba el uso del bazuca comercial como una de las medidas<\/b>\u00a0que se pod\u00edan poner en marcha para contrarrestar las amenazas del mandatario estadounidense. Hasta el momento, la mayor\u00eda de los 27 pa\u00edses de la UE se muestran esc\u00e9pticos a su uso. Pero \u00bfqu\u00e9 es?<\/p>\n<h2 class=\"c-paragraph__title\">Qu\u00e9 es la bazuca comercial que puede usar la UE<\/h2>\n<p class=\"c-paragraph\">El t\u00e9rmino\u00a0<b>bazuca comercial<\/b>\u00a0es una abreviatura del\u00a0<b>Instrumento Anticoerci\u00f3n\u00a0del bloque, que incluye una serie de medidas<\/b>\u00a0para bloquear o restringir el comercio y la inversi\u00f3n de pa\u00edses que se considere que ejercen una presi\u00f3n indebida sobre los pa\u00edses miembros o las corporaciones de la UE.<\/p>\n<p class=\"c-paragraph\">El instrumento prev\u00e9 que la\u00a0<b>Comisi\u00f3n Europea\u00a0<\/b>act\u00fae de forma gradual para poner fin a la amenaza, primero entablando negociaciones con el pa\u00eds en cuesti\u00f3n y s\u00f3lo en \u00faltimo t\u00e9rmino se adoptar\u00edan represalias comerciales, que podr\u00edan incluir un amplio abanico de medidas.<\/p>\n<p class=\"c-paragraph\">Las medidas podr\u00edan incluir la restricci\u00f3n de la exportaci\u00f3n e importaci\u00f3n de bienes y servicios, la exclusi\u00f3n de pa\u00edses o empresas de las licitaciones p\u00fablicas de la UE o la limitaci\u00f3n de la inversi\u00f3n extranjera directa. En su forma m\u00e1s severa,\u00a0<b>la bazuca pr\u00e1cticamente bloquear\u00eda el acceso al mercado de 450 millones<\/b>\u00a0de clientes de la UE. La bazuca podr\u00eda causar miles de millones de d\u00f3lares en p\u00e9rdidas a las empresas estadounidenses y a la econom\u00eda estadounidense.<\/p>\n<h2 class=\"c-paragraph__title\">\u00bfPor qu\u00e9 se cre\u00f3 la bazuca?<\/h2>\n<p class=\"c-paragraph\">Este instrumento, que de forma informal se conoce como bazuca comercial,\u00a0<b>entr\u00f3 en vigor en 2023 despu\u00e9s de que China restringiera el comercio<\/b>\u00a0con Lituania debido a sus v\u00ednculos con Taiw\u00e1n, que Pek\u00edn reclama como su propio territorio.<\/p>\n<h2 class=\"c-paragraph__title\">Tiempos para imponer una bazuca comercial<\/h2>\n<p class=\"c-paragraph\">Su puesta en marcha puede alargarse varios meses y\u00a0<b>las primeras represalias podr\u00edan tardar hasta un a\u00f1o en llegar<\/b>, aunque los plazos pueden acortarse si se quiere actuar con celeridad.<\/p>\n<p class=\"c-paragraph\">En primer lugar, la\u00a0<b>Comisi\u00f3n tiene hasta cuatro meses para comprobar que la UE se enfrenta<\/b>\u00a0a una coerci\u00f3n econ\u00f3mica.<\/p>\n<p class=\"c-paragraph\">Una vez haya llegado a esa conclusi\u00f3n, los pa\u00edses de la UE\u00a0<b>tienen un m\u00e1ximo de 10 semanas para ratificarla por mayor\u00eda cualificada<\/b>, es decir, con el visto bueno de al menos 15 pa\u00edses que representen al 65 % de la poblaci\u00f3n.<\/p>\n<p class=\"c-paragraph\">Bruselas tendr\u00eda entonces\u00a0<b>seis meses\u00a0<\/b>para plantear las represalias.<\/p>\n<h2 class=\"c-paragraph__title\">El comercio entre EEUU y la UE en cifras<\/h2>\n<p class=\"c-paragraph\">El\u00a0<b>valor del comercio de bienes y servicios entre la UE y EEUU<\/b>\u00a0ascendi\u00f3 a 1,7 billones de euros (2 billones de d\u00f3lares) en 2024, o un promedio de 4.600 millones de euros al d\u00eda, seg\u00fan la agencia de estad\u00edsticas de la UE, Eurostat que recoge AP.<\/p>\n<p class=\"c-paragraph\">Las principales exportaciones de Europa a EEUU son productos farmac\u00e9uticos, autom\u00f3viles, aeronaves, productos qu\u00edmicos, instrumental m\u00e9dico, vinos y licores. Entre las\u00a0<b>principales exportaciones estadounidenses\u00a0<\/b>al bloque, por su parte, se encuentran servicios profesionales y cient\u00edficos como sistemas de pago e infraestructura en la nube, petr\u00f3leo y gas, productos farmac\u00e9uticos, equipos m\u00e9dicos, productos aeroespaciales y autom\u00f3viles.<\/p>\n<p class=\"c-paragraph\">Junto a la \u00abbazuca comercial\u00bb, la\u00a0<b>UE estudia otras posibles represalias econ\u00f3micas por valor de unos 93.000 millones<\/b>\u00a0de euros, medidas que ser\u00e1n discutidas el jueves en una cumbre extraordinaria de l\u00edderes europeos convocada en Bruselas.<\/p>\n<p><a href=\"https:\/\/www.businessinsider.es\/autor\/mamen-borreguero-1\/\">Mamen Borreguero<\/a><\/p>\n","protected":false},"excerpt":{"rendered":"<p>Donald Trump\u00a0quiere\u00a0Groenlandia. As\u00ed lo ha confirmado el propio presidente de Estados Unidos (EEUU) durante su discurso en el\u00a0Foro de Davos\u00a0ante la mirada atenta e incr\u00e9dula de algunos de los asistentes. De poco sirvi\u00f3 el reclamo del presidente franc\u00e9s Emmanuel Macron que,\u00a0gafas de sol\u00a0mediante,\u00a0reclamaba el uso del bazuca comercial como una de las medidas\u00a0que se pod\u00edan&#46;&#46;&#46;<\/p>\n","protected":false},"author":1,"featured_media":3853,"comment_status":"open","ping_status":"open","sticky":false,"template":"","format":"standard","meta":{"footnotes":"","_links_to":"","_links_to_target":""},"categories":[4],"tags":[],"class_list":["post-3864","post","type-post","status-publish","format-standard","has-post-thumbnail","hentry","category-curiosidades"],"nelio_content":{"autoShareEndMode":"never","automationSources":{"useCustomSentences":false,"customSentences":[]},"efiAlt":"","efiUrl":"","followers":[1],"highlights":[],"isAutoShareEnabled":true,"networkImageIds":[],"permalinkQueryArgs":[],"series":[],"suggestedReferences":[]},"_links":{"self":[{"href":"https:\/\/bitacoraenlared.es\/chicas\/wp-json\/wp\/v2\/posts\/3864","targetHints":{"allow":["GET"]}}],"collection":[{"href":"https:\/\/bitacoraenlared.es\/chicas\/wp-json\/wp\/v2\/posts"}],"about":[{"href":"https:\/\/bitacoraenlared.es\/chicas\/wp-json\/wp\/v2\/types\/post"}],"author":[{"embeddable":true,"href":"https:\/\/bitacoraenlared.es\/chicas\/wp-json\/wp\/v2\/users\/1"}],"replies":[{"embeddable":true,"href":"https:\/\/bitacoraenlared.es\/chicas\/wp-json\/wp\/v2\/comments?post=3864"}],"version-history":[{"count":1,"href":"https:\/\/bitacoraenlared.es\/chicas\/wp-json\/wp\/v2\/posts\/3864\/revisions"}],"predecessor-version":[{"id":3865,"href":"https:\/\/bitacoraenlared.es\/chicas\/wp-json\/wp\/v2\/posts\/3864\/revisions\/3865"}],"wp:featuredmedia":[{"embeddable":true,"href":"https:\/\/bitacoraenlared.es\/chicas\/wp-json\/wp\/v2\/media\/3853"}],"wp:attachment":[{"href":"https:\/\/bitacoraenlared.es\/chicas\/wp-json\/wp\/v2\/media?parent=3864"}],"wp:term":[{"taxonomy":"category","embeddable":true,"href":"https:\/\/bitacoraenlared.es\/chicas\/wp-json\/wp\/v2\/categories?post=3864"},{"taxonomy":"post_tag","embeddable":true,"href":"https:\/\/bitacoraenlared.es\/chicas\/wp-json\/wp\/v2\/tags?post=3864"}],"curies":[{"name":"wp","href":"https:\/\/api.w.org\/{rel}","templated":true}]}}