{"id":510,"date":"2024-06-30T19:15:02","date_gmt":"2024-06-30T17:15:02","guid":{"rendered":"https:\/\/bitacoraenlared.es\/chicas\/?p=510"},"modified":"2024-06-28T19:21:17","modified_gmt":"2024-06-28T17:21:17","slug":"aqui-no-hay-playa-este-tramo-de-la-costa-espanola-esta-desapareciendo","status":"publish","type":"post","link":"https:\/\/bitacoraenlared.es\/chicas\/aqui-no-hay-playa-este-tramo-de-la-costa-espanola-esta-desapareciendo\/","title":{"rendered":"&#8216;Aqu\u00ed no hay playa&#8217;: este tramo de la costa espa\u00f1ola est\u00e1 desapareciendo"},"content":{"rendered":"<p>Los cient\u00edficos llevan tiempo avisando de las<strong> devastadoras consecuencias del cambio clim\u00e1tico en la costa<\/strong>: en un <a href=\"https:\/\/theconversation.com\/como-afectara-el-cambio-climatico-a-las-playas-de-arena-187293\" target=\"_blank\" rel=\"nofollow noopener\">art\u00edculo<\/a> de la investigadora en din\u00e1mica de playas Francesca Ribas Prats publicado en <em>The Conversation<\/em> se expon\u00eda que <strong>las playas sufrir\u00e1n m\u00e1s a menudo episodios de erosi\u00f3n e inundaci\u00f3n debido al calentamiento global<\/strong>, como <a href=\"https:\/\/www.cambridge.org\/core\/books\/abs\/climate-change-2014-impacts-adaptation-and-vulnerability-part-a-global-and-sectoral-aspects\/coastal-systems-and-lowlying-areas\/4D0EBBA5B12593931B00B772CD62C517\" target=\"_blank\" rel=\"nofollow noopener\">advierte<\/a> la Universidad de Cambridge. Seg\u00fan reflejan los datos del \u00faltimo siglo, <a title=\"ciudades que se hundiran primero\" href=\"https:\/\/www.businessinsider.es\/grafico-revela-36-ciudades-mundo-hundiran-primero-1019747\">el nivel del mar est\u00e1 subiendo aceleradamente en todos los oc\u00e9anos y mares abiertos como consecuencia del cambio clim\u00e1tico<\/a>.<\/p>\n<p>Las principales razones son el <a title=\"el mundo que surgira del deshielo de los glaciares\" href=\"https:\/\/www.businessinsider.es\/sera-nuevo-mundo-surgira-deshielo-glaciares-1291116\">deshielo de los glaciares<\/a> y la <a title=\"mapa de la temperatura de los oce\u00e1nos\" href=\"https:\/\/www.businessinsider.es\/mapa-temperatura-oceanos-deberia-aterrorizarte-1369038\">dilataci\u00f3n t\u00e9rmica del agua de los oc\u00e9anos<\/a>.<\/p>\n<p>En funci\u00f3n de la respuesta mundial a la emergencia clim\u00e1tica en las pr\u00f3ximas d\u00e9cadas, a finales de siglo<strong> el nivel del mar medio se podr\u00eda situar entre 45 y 85 cent\u00edmetros por encima del nivel de principios del siglo XXI<\/strong>, seg\u00fan las <a href=\"https:\/\/www.ipcc.ch\/srocc\/chapter\/chapter-4-sea-level-rise-and-implications-for-low-lying-islands-coasts-and-communities\/\" target=\"_blank\" rel=\"nofollow noopener\">proyecciones<\/a> del Panel Intergubernamental de Expertos sobre el Cambio Clim\u00e1tico (IPCC).<\/p>\n<h2>La Costa del Sol se hace m\u00e1s peque\u00f1a<\/h2>\n<p>Espa\u00f1a ya est\u00e1 viviendo en carne propia los efectos del cambio clim\u00e1tico sumados a las consecuencias de la construcci\u00f3n: tal y como <a href=\"https:\/\/www.euronews.com\/green\/2024\/06\/10\/up-to-5m-of-beach-are-disappearing-from-this-spanish-coast-every-year-is-climate-change-to\" target=\"_blank\" rel=\"nofollow noopener\">recoge<\/a> <em>Euronews<\/em>, <strong>entre 2016 y 2022, el tramo de Arraijanal-San Juli\u00e1n entre Torremolinos y M\u00e1laga retrocedi\u00f3 hasta 45 metros<\/strong>. \u00bfLos culpables de esta merma en la Costa del Sol? La actividad humana y el calentamiento global.<\/p>\n<p>El gobierno espa\u00f1ol ha dicho durante d\u00e9cadas que el litoral del pa\u00eds sufre un \u201cproceso generalizado de regresi\u00f3n costera\u201d. Ahora, a Direcci\u00f3n General de la Costa y el Mar la ha declarado \u201cuna situaci\u00f3n de grave retroceso\u201d. Para cumplir el criterio,<strong> la playa debe haber retrocedido cinco metros cada a\u00f1o durante cinco a\u00f1os<\/strong> y ser imposible recuperar su estado anterior de forma natural.<\/p>\n<p>Los datos en torno al retroceso del tramo costero entre Torremolinos y M\u00e1laga son abrumadores: seg\u00fan el Ministerio de Transici\u00f3n Ecol\u00f3gica, <strong>se han perdido m\u00e1s de 200.000 metros cuadrados de playa durante este periodo.\u00a0<\/strong><\/p>\n<p>Inicialmente vulnerable por la acci\u00f3n humana \u2014se han construido puertos deportivos, viviendas, campos de golf y desv\u00edo de cauces fluviales\u2014 <strong>este trozo de costa ahora est\u00e1 siendo erosionado por el cambio clim\u00e1tico.<\/strong> Cada a\u00f1o pierde entre 1,5 y 4,5 metros de playa, y en algunas zonas la erosi\u00f3n alcanza los cinco metros. Solo tres de los 27 tramos de esta regi\u00f3n han perdido menos de 10 metros.<\/p>\n<p>Varios an\u00e1lisis revelan que la degradaci\u00f3n de las playas de arena, particularmente en el municipio malague\u00f1o de Mijas, puede achacarse a la proliferaci\u00f3n de establecimientos comerciales estacionales como los chiringuitos.<\/p>\n<p>El cambio clim\u00e1tico provoca no solo la subida del nivel del mar, sino m\u00e1s fen\u00f3menos extremos:<strong> la cantidad de tormentas en la zona ha aumentado y en 2022 las olas que chocaban contra la costa eran entre tres y cuatro veces superiores a la media<\/strong> registrada.<\/p>\n<h2>La erosi\u00f3n costera, un problema importante<\/h2>\n<p>Turismo, urbanismo y cambio clim\u00e1tico son un peligroso tridente para la costa espa\u00f1ola, que alberga al 39% de la poblaci\u00f3n del pa\u00eds \u201418 millones de personas\u2014 y cuenta con una densidad de 429 personas por kil\u00f3metro cuadrado. Las playas act\u00faan como una barrera natural contra el viento y la lluvia.<\/p>\n<p>Un estudio realizado por un grupo de investigadores europeos, incluidos cient\u00edficos de la Universidad de C\u00e1diz en Andaluc\u00eda, descubri\u00f3 recientemente que<strong> la mitad de las playas de arena del mundo podr\u00edan desaparecer este siglo<\/strong>. El cambio clim\u00e1tico est\u00e1 detr\u00e1s de la erosi\u00f3n costera generalizada, que en Espa\u00f1a obliga a traer arena de otros lugares y a invertir millones para paliar da\u00f1os.<\/p>\n<p><a href=\"https:\/\/www.businessinsider.es\"><em>Andrea N\u00fa\u00f1ez-Torr\u00f3n Stock<\/em><\/a><\/p>\n","protected":false},"excerpt":{"rendered":"<p>Los cient\u00edficos llevan tiempo avisando de las devastadoras consecuencias del cambio clim\u00e1tico en la costa: en un art\u00edculo de la investigadora en din\u00e1mica de playas Francesca Ribas Prats publicado en The Conversation se expon\u00eda que las playas sufrir\u00e1n m\u00e1s a menudo episodios de erosi\u00f3n e inundaci\u00f3n debido al calentamiento global, como advierte la Universidad de&#46;&#46;&#46;<\/p>\n","protected":false},"author":1,"featured_media":511,"comment_status":"open","ping_status":"open","sticky":false,"template":"","format":"standard","meta":{"footnotes":"","_links_to":"","_links_to_target":""},"categories":[4],"tags":[],"class_list":["post-510","post","type-post","status-publish","format-standard","has-post-thumbnail","hentry","category-curiosidades"],"nelio_content":{"autoShareEndMode":"never","automationSources":{"useCustomSentences":false,"customSentences":[]},"efiAlt":"","efiUrl":"","followers":[1],"highlights":[],"isAutoShareEnabled":true,"networkImageIds":[],"permalinkQueryArgs":[],"series":[],"suggestedReferences":[]},"_links":{"self":[{"href":"https:\/\/bitacoraenlared.es\/chicas\/wp-json\/wp\/v2\/posts\/510","targetHints":{"allow":["GET"]}}],"collection":[{"href":"https:\/\/bitacoraenlared.es\/chicas\/wp-json\/wp\/v2\/posts"}],"about":[{"href":"https:\/\/bitacoraenlared.es\/chicas\/wp-json\/wp\/v2\/types\/post"}],"author":[{"embeddable":true,"href":"https:\/\/bitacoraenlared.es\/chicas\/wp-json\/wp\/v2\/users\/1"}],"replies":[{"embeddable":true,"href":"https:\/\/bitacoraenlared.es\/chicas\/wp-json\/wp\/v2\/comments?post=510"}],"version-history":[{"count":1,"href":"https:\/\/bitacoraenlared.es\/chicas\/wp-json\/wp\/v2\/posts\/510\/revisions"}],"predecessor-version":[{"id":512,"href":"https:\/\/bitacoraenlared.es\/chicas\/wp-json\/wp\/v2\/posts\/510\/revisions\/512"}],"wp:featuredmedia":[{"embeddable":true,"href":"https:\/\/bitacoraenlared.es\/chicas\/wp-json\/wp\/v2\/media\/511"}],"wp:attachment":[{"href":"https:\/\/bitacoraenlared.es\/chicas\/wp-json\/wp\/v2\/media?parent=510"}],"wp:term":[{"taxonomy":"category","embeddable":true,"href":"https:\/\/bitacoraenlared.es\/chicas\/wp-json\/wp\/v2\/categories?post=510"},{"taxonomy":"post_tag","embeddable":true,"href":"https:\/\/bitacoraenlared.es\/chicas\/wp-json\/wp\/v2\/tags?post=510"}],"curies":[{"name":"wp","href":"https:\/\/api.w.org\/{rel}","templated":true}]}}