{"id":722,"date":"2024-07-20T20:31:06","date_gmt":"2024-07-20T18:31:06","guid":{"rendered":"https:\/\/bitacoraenlared.es\/chicas\/?p=722"},"modified":"2024-08-04T21:04:46","modified_gmt":"2024-08-04T19:04:46","slug":"digi-busca-lanzar-su-tv-de-pago-a-finales-de-ano","status":"publish","type":"post","link":"https:\/\/bitacoraenlared.es\/chicas\/digi-busca-lanzar-su-tv-de-pago-a-finales-de-ano\/","title":{"rendered":"Digi busca lanzar su TV de pago a finales de a\u00f1o"},"content":{"rendered":"<p><strong>Digi<\/strong> sigue creciendo mes a mes.<\/p>\n<p>No solo por sus resultados, una muestra es <a title=\"Digi crece en pleno terremoto de las telecos: gan\u00f3 un 82% m\u00e1s hasta septiembre y supera los 6 millones de clientes\" href=\"https:\/\/www.businessinsider.es\/resultados-digi-q3-2023-supera-6-millones-clientes-espana-1335488\">la subida en beneficios de un 82%<\/a> en su tercer trimestre de 2023, sino tambi\u00e9n por seguir con su plan de expansi\u00f3n en Espa\u00f1a, como reflejan <a title=\"Digi contin\u00faa su plan de expansi\u00f3n en Espa\u00f1a y abre m\u00e1s de 400 ofertas para comerciales, t\u00e9cnicos e instaladores de fibra\" href=\"https:\/\/www.businessinsider.es\/digi-anuncia-400-vacantes-espana-nivel-nacional-1380431\">las m\u00e1s de 400 vacantes<\/a> que abrieron en abril de este a\u00f1o por toda la Pen\u00ednsula.<\/p>\n<p>Ahora, el cuarto operador espa\u00f1ol quiere dar el siguiente paso y parece que est\u00e1 negociando con diferentes proveedores <strong>para lanzar su televisi\u00f3n de pago en el mercado espa\u00f1ol.\u00a0<\/strong><\/p>\n<p>Y ojo, que no es un plan a largo plazo, sino que seg\u00fan la compa\u00f1\u00eda <strong>espera lanzarla \u00aben los pr\u00f3ximos meses\u00bb<\/strong>, por lo que igual aterriza su propuesta entre septiembre y octubre, tal y como estiman desde <a href=\"https:\/\/www.20minutos.es\/lainformacion\/empresas\/digi-negocia-proveedores-lanzar-television-pago-proximos-meses-5528503\/\" target=\"_blank\" rel=\"nofollow noopener\"><em>La informaci\u00f3n econ\u00f3mica<\/em><\/a><em>.<\/em><\/p>\n<p>No ser\u00eda raro, puesto que Digi ya cuenta con mucha relaci\u00f3n con los gigantes audiovisuales, puesto que en Ruman\u00eda, la compa\u00f1\u00eda cuenta ya con una oferta televisiva muy nutrida.<\/p>\n<p>En el caso de Espa\u00f1a, parece que han mantenido conversaciones con<strong> los due\u00f1os de algunos de los canales de cine, series y documentales m\u00e1s relevantes como AXN, AMC <\/strong>y dem\u00e1s compa\u00f1\u00edas en los \u00faltimos meses.<\/p>\n<p>De momento el paquete no est\u00e1 cerrado y se desconoce oferta televisiva o precio, pero se estima que tambi\u00e9n estar\u00e1 enmarcada en su propuesta de bajo coste con algunos contenidos bajo demanda y varios canales espec\u00edficos.<\/p>\n<p>La compa\u00f1\u00eda dirigida en Espa\u00f1a por Marius Varzaru se ha convertido en muy pocos a\u00f1os en un absoluto gigante que <a title=\"Por qu\u00e9 los operadores espa\u00f1oles le tienen tanto miedo a Digi, la compa\u00f1\u00eda low cost que ha puesto patas arriba el sector\" href=\"https:\/\/www.businessinsider.es\/operadores-espanoles-tienen-tanto-miedo-digi-1208866\">avanza metiendo miedo<\/a> al resto de operadoras con sus precios bajos y competitivos y la oferta de televisi\u00f3n de pago es el siguiente paso evidente.<\/p>\n<p>De hacerse realidad, cosa que tiene toda la pinta, <strong>supondr\u00eda el debut de Digi en el mercado de televisi\u00f3n de pago en Espa\u00f1a<\/strong>, pero no ser\u00eda una novedad para la compa\u00f1\u00eda, puesto que su experiencia en Rumania ya es muy extensa.<\/p>\n<p>Para que te hagas una idea, es el equivalente a Movistar Plus en Espa\u00f1a. Cuentan con 5,7 millones de clientes, un 4% m\u00e1s que el trimestre anterior, y adem\u00e1s de sus propios canales tem\u00e1ticos, cuentan con Max, AXN, AMC, Sky ShowTime, Disney y Paramount Media entre sus opciones.<\/p>\n<p><a href=\"https:\/\/www.businessinsider.es\"><em>Carlos Ferrer-Bonsoms Cruz<\/em><\/a><\/p>\n","protected":false},"excerpt":{"rendered":"<p>Digi sigue creciendo mes a mes. No solo por sus resultados, una muestra es la subida en beneficios de un 82% en su tercer trimestre de 2023, sino tambi\u00e9n por seguir con su plan de expansi\u00f3n en Espa\u00f1a, como reflejan las m\u00e1s de 400 vacantes que abrieron en abril de este a\u00f1o por toda la&#46;&#46;&#46;<\/p>\n","protected":false},"author":1,"featured_media":711,"comment_status":"open","ping_status":"open","sticky":false,"template":"","format":"standard","meta":{"footnotes":"","_links_to":"","_links_to_target":""},"categories":[7],"tags":[],"class_list":["post-722","post","type-post","status-publish","format-standard","has-post-thumbnail","hentry","category-peliculas"],"nelio_content":{"autoShareEndMode":"never","automationSources":{"useCustomSentences":false,"customSentences":[]},"efiAlt":"","efiUrl":"","followers":[1],"highlights":[],"isAutoShareEnabled":true,"networkImageIds":[],"permalinkQueryArgs":[],"series":[],"suggestedReferences":[]},"_links":{"self":[{"href":"https:\/\/bitacoraenlared.es\/chicas\/wp-json\/wp\/v2\/posts\/722","targetHints":{"allow":["GET"]}}],"collection":[{"href":"https:\/\/bitacoraenlared.es\/chicas\/wp-json\/wp\/v2\/posts"}],"about":[{"href":"https:\/\/bitacoraenlared.es\/chicas\/wp-json\/wp\/v2\/types\/post"}],"author":[{"embeddable":true,"href":"https:\/\/bitacoraenlared.es\/chicas\/wp-json\/wp\/v2\/users\/1"}],"replies":[{"embeddable":true,"href":"https:\/\/bitacoraenlared.es\/chicas\/wp-json\/wp\/v2\/comments?post=722"}],"version-history":[{"count":1,"href":"https:\/\/bitacoraenlared.es\/chicas\/wp-json\/wp\/v2\/posts\/722\/revisions"}],"predecessor-version":[{"id":723,"href":"https:\/\/bitacoraenlared.es\/chicas\/wp-json\/wp\/v2\/posts\/722\/revisions\/723"}],"wp:featuredmedia":[{"embeddable":true,"href":"https:\/\/bitacoraenlared.es\/chicas\/wp-json\/wp\/v2\/media\/711"}],"wp:attachment":[{"href":"https:\/\/bitacoraenlared.es\/chicas\/wp-json\/wp\/v2\/media?parent=722"}],"wp:term":[{"taxonomy":"category","embeddable":true,"href":"https:\/\/bitacoraenlared.es\/chicas\/wp-json\/wp\/v2\/categories?post=722"},{"taxonomy":"post_tag","embeddable":true,"href":"https:\/\/bitacoraenlared.es\/chicas\/wp-json\/wp\/v2\/tags?post=722"}],"curies":[{"name":"wp","href":"https:\/\/api.w.org\/{rel}","templated":true}]}}